{"id":2456,"date":"2022-12-10T13:49:03","date_gmt":"2022-12-10T13:49:03","guid":{"rendered":"https:\/\/defrentealaverdad.com\/?p=2456"},"modified":"2022-12-12T13:55:58","modified_gmt":"2022-12-12T13:55:58","slug":"2456","status":"publish","type":"post","link":"https:\/\/defrentealaverdad.com\/index.php\/2022\/12\/10\/2456\/","title":{"rendered":"Pedro Castillo le falt\u00f3 el buen acompa\u00f1amiento"},"content":{"rendered":"<p><img decoding=\"async\" class=\"alignnone size-medium wp-image-2459 aligncenter lazyload\" data-src=\"https:\/\/defrentealaverdad.com\/wp-content\/uploads\/2022\/12\/Pedro-Castillo-300x200.jpg\" alt=\"\" width=\"300\" height=\"200\" data-srcset=\"https:\/\/defrentealaverdad.com\/wp-content\/uploads\/2022\/12\/Pedro-Castillo-300x200.jpg 300w, https:\/\/defrentealaverdad.com\/wp-content\/uploads\/2022\/12\/Pedro-Castillo-768x512.jpg 768w, https:\/\/defrentealaverdad.com\/wp-content\/uploads\/2022\/12\/Pedro-Castillo.jpg 1024w\" data-sizes=\"(max-width: 300px) 100vw, 300px\" src=\"data:image\/svg+xml;base64,PHN2ZyB3aWR0aD0iMSIgaGVpZ2h0PSIxIiB4bWxucz0iaHR0cDovL3d3dy53My5vcmcvMjAwMC9zdmciPjwvc3ZnPg==\" style=\"--smush-placeholder-width: 300px; --smush-placeholder-aspect-ratio: 300\/200;\" \/><\/p>\n<p style=\"text-align: justify;\">A Jos\u00e9 Pedro Castillo Terrones, nombre completo del expediente de Per\u00fa, le falt\u00f3 y le falta el buen acompa\u00f1amiento de un partido fuerte que diera soporte para poder gobernar y lograr los cambios estructurales en las instituciones del Estado, en el sistema pol\u00edtico imperante en \u00e9sa naci\u00f3n y en la creaci\u00f3n de una nueva sociedad por el bienestar de todas las etnias que conforman la poblaci\u00f3n peruana.<\/p>\n<p style=\"text-align: justify;\">No menos de sesenta etnias de personas, definen a \u00e9sta gran naci\u00f3n como el pa\u00eds m\u00e1s diverso en Am\u00e9rica del Sur, todo lo cual hasta ahora ha dificultado la consolidaci\u00f3n de una fuerza pol\u00edtica que emerja y adquiera las capacidades para medir fuerzas con la ultraderecha que que los azota.<\/p>\n<p style=\"text-align: justify;\">A Pedro tenemos que reconocerle su gran valent\u00eda por exponerse, a manos peladas, a \u00e9sa ferria maquinaria pol\u00edtica de la ultraderecha, la cual no perdona ni deja pasar por alto ning\u00fan intento pol\u00edtico que pudiera atentar contra sus intereses de clase.<\/p>\n<p style=\"text-align: justify;\">Soy de opini\u00f3n que Pedro Castillo ahora est\u00e1 en su mejor momento pol\u00edtico. Como v\u00edctima que ha sido de coartada pol\u00edtica por parte de la derecha, va a adquirir la simpat\u00eda y hasta la adhesi\u00f3n de importantes sectores sociales que les hicieron falta para su prop\u00f3sito en \u00e9ste primer tramo de su carrera pol\u00edtica en Per\u00fa.<\/p>\n<p>Fuente: Periodista Jose Leonidas<\/p>\n","protected":false},"excerpt":{"rendered":"<p>A Jos\u00e9 Pedro Castillo Terrones, nombre completo del expediente de Per\u00fa, le falt\u00f3 y le<\/p>\n","protected":false},"author":1,"featured_media":0,"comment_status":"open","ping_status":"open","sticky":false,"template":"","format":"standard","meta":{"footnotes":""},"categories":[4],"tags":[],"class_list":["post-2456","post","type-post","status-publish","format-standard","hentry","category-opiniones"],"_links":{"self":[{"href":"https:\/\/defrentealaverdad.com\/index.php\/wp-json\/wp\/v2\/posts\/2456","targetHints":{"allow":["GET"]}}],"collection":[{"href":"https:\/\/defrentealaverdad.com\/index.php\/wp-json\/wp\/v2\/posts"}],"about":[{"href":"https:\/\/defrentealaverdad.com\/index.php\/wp-json\/wp\/v2\/types\/post"}],"author":[{"embeddable":true,"href":"https:\/\/defrentealaverdad.com\/index.php\/wp-json\/wp\/v2\/users\/1"}],"replies":[{"embeddable":true,"href":"https:\/\/defrentealaverdad.com\/index.php\/wp-json\/wp\/v2\/comments?post=2456"}],"version-history":[{"count":3,"href":"https:\/\/defrentealaverdad.com\/index.php\/wp-json\/wp\/v2\/posts\/2456\/revisions"}],"predecessor-version":[{"id":2460,"href":"https:\/\/defrentealaverdad.com\/index.php\/wp-json\/wp\/v2\/posts\/2456\/revisions\/2460"}],"wp:attachment":[{"href":"https:\/\/defrentealaverdad.com\/index.php\/wp-json\/wp\/v2\/media?parent=2456"}],"wp:term":[{"taxonomy":"category","embeddable":true,"href":"https:\/\/defrentealaverdad.com\/index.php\/wp-json\/wp\/v2\/categories?post=2456"},{"taxonomy":"post_tag","embeddable":true,"href":"https:\/\/defrentealaverdad.com\/index.php\/wp-json\/wp\/v2\/tags?post=2456"}],"curies":[{"name":"wp","href":"https:\/\/api.w.org\/{rel}","templated":true}]}}