{"id":2432,"date":"2022-12-09T14:55:06","date_gmt":"2022-12-09T14:55:06","guid":{"rendered":"https:\/\/defrentealaverdad.com\/?p=2432"},"modified":"2022-12-09T14:55:52","modified_gmt":"2022-12-09T14:55:52","slug":"fernando-ramirez-anuncia-formacion-de-la-liga-menor-de-baloncesto-del-gran-santo-domingo-lmb-gsd","status":"publish","type":"post","link":"https:\/\/defrentealaverdad.com\/index.php\/2022\/12\/09\/fernando-ramirez-anuncia-formacion-de-la-liga-menor-de-baloncesto-del-gran-santo-domingo-lmb-gsd\/","title":{"rendered":"Fernando Ram\u00edrez anuncia formaci\u00f3n de la Liga Menor de Baloncesto del Gran Santo Domingo (LMB GSD)"},"content":{"rendered":"<p><img decoding=\"async\" class=\"size-medium wp-image-2433 aligncenter lazyload\" data-src=\"https:\/\/defrentealaverdad.com\/wp-content\/uploads\/2022\/12\/7453d50c-7e8d-489a-9db6-8c32d979f08b-300x267.jpg\" alt=\"\" width=\"300\" height=\"267\" data-srcset=\"https:\/\/defrentealaverdad.com\/wp-content\/uploads\/2022\/12\/7453d50c-7e8d-489a-9db6-8c32d979f08b-300x267.jpg 300w, https:\/\/defrentealaverdad.com\/wp-content\/uploads\/2022\/12\/7453d50c-7e8d-489a-9db6-8c32d979f08b.jpg 617w\" data-sizes=\"(max-width: 300px) 100vw, 300px\" src=\"data:image\/svg+xml;base64,PHN2ZyB3aWR0aD0iMSIgaGVpZ2h0PSIxIiB4bWxucz0iaHR0cDovL3d3dy53My5vcmcvMjAwMC9zdmciPjwvc3ZnPg==\" style=\"--smush-placeholder-width: 300px; --smush-placeholder-aspect-ratio: 300\/267;\" \/><\/p>\n<p style=\"text-align: justify;\">Santo Domingo.-A trav\u00e9s de la fundaci\u00f3n que porta su nombre, el ex-ol\u00edmpico Fernando Ram\u00edrez anunci\u00f3 por v\u00eda comunicado de prensa que su equipo de trabajo est\u00e1 en proceso de conformar 20 equipos de ni\u00f1os y 20 de ni\u00f1as para jovenes de bajos recursos en las 20 esquinas de la provincia Santo Domingo.<\/p>\n<p style=\"text-align: justify;\"><em>\u201cQuiero darle a esos j\u00f3venes una experiencia digna para fomentar su crecimiento en un ambiente de disciplina y valores deportivos\u201d,<\/em> expres\u00f3 el dos-veces-campe\u00f3n de la copa europa.<\/p>\n<p style=\"text-align: justify;\">La liga ayudar\u00e1 a m\u00e1s de 400 j\u00f3venes poniendo a su disposici\u00f3n canchas deportivas (2 pr\u00e1cticas y un partido semanal), as\u00ed como tambi\u00e9n tendr\u00e1n asignados entrenadores, equipos, uniformes, refrigerios, meriendas y transporte para sus entrenamientos fuera de cancha.<\/p>\n<p style=\"text-align: justify;\"><em>\u201cEn los 80, mi infancia fue humilde, pero feliz. El deporte comunitario salv\u00f3 mi vida. Por iniciativas como esta pude yo graduarme de varias maestrias y competir a los m\u00e1s altos niveles internacionales. Quiero devolverles a los jovenes esta medalla de oro\u201d,<\/em> apunt\u00f3.<\/p>\n<p style=\"text-align: justify;\">Para mas informacion puedes visitar la p\u00e1gina web www.lmb.do o seguir la fundaci\u00f3n en las redes sociales como @fundacionfr<\/p>\n","protected":false},"excerpt":{"rendered":"<p>Santo Domingo.-A trav\u00e9s de la fundaci\u00f3n que porta su nombre, el ex-ol\u00edmpico Fernando Ram\u00edrez anunci\u00f3<\/p>\n","protected":false},"author":2,"featured_media":0,"comment_status":"open","ping_status":"open","sticky":false,"template":"","format":"standard","meta":{"footnotes":""},"categories":[3,7],"tags":[],"class_list":["post-2432","post","type-post","status-publish","format-standard","hentry","category-deportes","category-nacionales"],"_links":{"self":[{"href":"https:\/\/defrentealaverdad.com\/index.php\/wp-json\/wp\/v2\/posts\/2432","targetHints":{"allow":["GET"]}}],"collection":[{"href":"https:\/\/defrentealaverdad.com\/index.php\/wp-json\/wp\/v2\/posts"}],"about":[{"href":"https:\/\/defrentealaverdad.com\/index.php\/wp-json\/wp\/v2\/types\/post"}],"author":[{"embeddable":true,"href":"https:\/\/defrentealaverdad.com\/index.php\/wp-json\/wp\/v2\/users\/2"}],"replies":[{"embeddable":true,"href":"https:\/\/defrentealaverdad.com\/index.php\/wp-json\/wp\/v2\/comments?post=2432"}],"version-history":[{"count":2,"href":"https:\/\/defrentealaverdad.com\/index.php\/wp-json\/wp\/v2\/posts\/2432\/revisions"}],"predecessor-version":[{"id":2435,"href":"https:\/\/defrentealaverdad.com\/index.php\/wp-json\/wp\/v2\/posts\/2432\/revisions\/2435"}],"wp:attachment":[{"href":"https:\/\/defrentealaverdad.com\/index.php\/wp-json\/wp\/v2\/media?parent=2432"}],"wp:term":[{"taxonomy":"category","embeddable":true,"href":"https:\/\/defrentealaverdad.com\/index.php\/wp-json\/wp\/v2\/categories?post=2432"},{"taxonomy":"post_tag","embeddable":true,"href":"https:\/\/defrentealaverdad.com\/index.php\/wp-json\/wp\/v2\/tags?post=2432"}],"curies":[{"name":"wp","href":"https:\/\/api.w.org\/{rel}","templated":true}]}}