{"id":2366,"date":"2022-12-06T19:14:09","date_gmt":"2022-12-06T19:14:09","guid":{"rendered":"https:\/\/defrentealaverdad.com\/?p=2366"},"modified":"2022-12-06T19:14:09","modified_gmt":"2022-12-06T19:14:09","slug":"las-escuelas-vocacionales-avanzan-con-exito-en-su-programa-de-graduaciones-en-tres-semanas-graduan-mas-de-32-mil-nuevos-tecnicos-a-nivel-nacional","status":"publish","type":"post","link":"https:\/\/defrentealaverdad.com\/index.php\/2022\/12\/06\/las-escuelas-vocacionales-avanzan-con-exito-en-su-programa-de-graduaciones-en-tres-semanas-graduan-mas-de-32-mil-nuevos-tecnicos-a-nivel-nacional\/","title":{"rendered":"Las Escuelas Vocacionales avanzan con \u00e9xito en su programa de graduaciones, en tres semanas grad\u00faan m\u00e1s de 32 mil nuevos t\u00e9cnicos a nivel nacional"},"content":{"rendered":"<div style=\"text-align: justify;\">Por F\u00e9lix Rubio<\/div>\n<div><\/div>\n<div><a href=\"https:\/\/blogger.googleusercontent.com\/img\/b\/R29vZ2xl\/AVvXsEjhkOjlnVjltfVh82bjVGuwC6d-7i3Nwsztsdg1wJxHz1f-NVYatoNcAHFMDLGAiVnt6Pb9MS7inEMWJrfsd7-LlBzd-rbnlGLb3wdaMV1toexGNnzjIm-SjeKGJTqGKWB5HK_KSzj5BhzOKBzdi9R_SEPU7jk1WqdF0XKgQU0FSVCZP9bwnEbXEJgLFw\/s910\/A51913D3-7D1F-4296-9F6C-50FFF01EB58C.jpeg\"><img decoding=\"async\" class=\"aligncenter lazyload\" data-src=\"https:\/\/blogger.googleusercontent.com\/img\/b\/R29vZ2xl\/AVvXsEjhkOjlnVjltfVh82bjVGuwC6d-7i3Nwsztsdg1wJxHz1f-NVYatoNcAHFMDLGAiVnt6Pb9MS7inEMWJrfsd7-LlBzd-rbnlGLb3wdaMV1toexGNnzjIm-SjeKGJTqGKWB5HK_KSzj5BhzOKBzdi9R_SEPU7jk1WqdF0XKgQU0FSVCZP9bwnEbXEJgLFw\/w640-h516\/A51913D3-7D1F-4296-9F6C-50FFF01EB58C.jpeg\" width=\"280\" height=\"225\" border=\"0\" data-original-height=\"735\" data-original-width=\"910\" src=\"data:image\/svg+xml;base64,PHN2ZyB3aWR0aD0iMSIgaGVpZ2h0PSIxIiB4bWxucz0iaHR0cDovL3d3dy53My5vcmcvMjAwMC9zdmciPjwvc3ZnPg==\" style=\"--smush-placeholder-width: 280px; --smush-placeholder-aspect-ratio: 280\/225;\" \/><\/a><\/div>\n<div style=\"text-align: justify;\">La Direcci\u00f3n General de las Escuelas Vocacionales de las Fuerzas Armadas y de la Polic\u00eda Nacional (DIGEV) a graduado un total 32,280 nuevos t\u00e9cnicos en distintas especialidades a tres semanas de haber iniciado su programa de graduaciones correspondiente al periodo acad\u00e9mico 2022.<\/div>\n<div style=\"text-align: justify;\">\n<div class=\"separator\"><\/div>\n<\/div>\n<div style=\"text-align: justify;\">La informaci\u00f3n la dio a conocer hoy el titular de la instituci\u00f3n formativa, Mayor General ERD., Juan Jos\u00e9 Ota\u00f1o Jim\u00e9nez; quien precis\u00f3 que el cierre de estas actividades culminar\u00e1 con una gran ceremonia a celebrarse el pr\u00f3ximo 13 de diciembre, a las 10 de la ma\u00f1ana, en las instalaciones de la Escuela Vocacional del municipio Santo Domingo Este.<\/div>\n<div style=\"text-align: justify;\">\n<div class=\"separator\"><a href=\"https:\/\/blogger.googleusercontent.com\/img\/b\/R29vZ2xl\/AVvXsEiwusRpmRYf0SBIWj_DDglTxtG1p3ypR0ypDNfVEoA1-fdxYdWodkcfqYaN6DMz8nonqGutvCyKYfTW8e9TKbB4IH-oehG91Mmo1SIYn8WVw0UIw44NiM6fdpYTx6zrzZd4rTlgqz0IR-6Ie60GpN5LpNl3lUgxL7k86TOR1ZlP5SlXphYM43-90JaUDg\/s1600\/88D928B2-1C21-48F6-B729-40447B6ACCFE.jpeg\"><img decoding=\"async\" class=\"aligncenter lazyload\" data-src=\"https:\/\/blogger.googleusercontent.com\/img\/b\/R29vZ2xl\/AVvXsEiwusRpmRYf0SBIWj_DDglTxtG1p3ypR0ypDNfVEoA1-fdxYdWodkcfqYaN6DMz8nonqGutvCyKYfTW8e9TKbB4IH-oehG91Mmo1SIYn8WVw0UIw44NiM6fdpYTx6zrzZd4rTlgqz0IR-6Ie60GpN5LpNl3lUgxL7k86TOR1ZlP5SlXphYM43-90JaUDg\/w400-h266\/88D928B2-1C21-48F6-B729-40447B6ACCFE.jpeg\" width=\"280\" height=\"186\" border=\"0\" data-original-height=\"1066\" data-original-width=\"1600\" src=\"data:image\/svg+xml;base64,PHN2ZyB3aWR0aD0iMSIgaGVpZ2h0PSIxIiB4bWxucz0iaHR0cDovL3d3dy53My5vcmcvMjAwMC9zdmciPjwvc3ZnPg==\" style=\"--smush-placeholder-width: 280px; --smush-placeholder-aspect-ratio: 280\/186;\" \/><\/a><\/div>\n<\/div>\n<div style=\"text-align: justify;\">Record\u00f3 que la primera graduaci\u00f3n del citado programa se llev\u00f3 a cabo el pasado 14 de noviembre, en las instalaciones de la Gobernaci\u00f3n provincial del municipio de El\u00edas Pi\u00f1a.<\/div>\n<div style=\"text-align: justify;\">\n<div class=\"separator\"><a href=\"https:\/\/blogger.googleusercontent.com\/img\/b\/R29vZ2xl\/AVvXsEhRr_FVq_qSPZtD-AprP-Fcjb_X2S4UB50IpFN_9aluoE2F4FA6mezav33UTeXumGi-vtOafRKCDbQc02cuU8CRFwhBRE6K_DBK8lm-khh_t6vzCcUwtAHie1tkgHnyIQS4cT6wHVC73vbo1vYjxCVLiFJREv4psDN1hKdoRcbFPP8oEfy7xzLGYzFvIA\/s823\/385BC5BD-E2DE-4B64-9262-19F6E11D7DB5.jpeg\"><img decoding=\"async\" class=\"aligncenter lazyload\" data-src=\"https:\/\/blogger.googleusercontent.com\/img\/b\/R29vZ2xl\/AVvXsEhRr_FVq_qSPZtD-AprP-Fcjb_X2S4UB50IpFN_9aluoE2F4FA6mezav33UTeXumGi-vtOafRKCDbQc02cuU8CRFwhBRE6K_DBK8lm-khh_t6vzCcUwtAHie1tkgHnyIQS4cT6wHVC73vbo1vYjxCVLiFJREv4psDN1hKdoRcbFPP8oEfy7xzLGYzFvIA\/w400-h360\/385BC5BD-E2DE-4B64-9262-19F6E11D7DB5.jpeg\" width=\"280\" height=\"251\" border=\"0\" data-original-height=\"741\" data-original-width=\"823\" src=\"data:image\/svg+xml;base64,PHN2ZyB3aWR0aD0iMSIgaGVpZ2h0PSIxIiB4bWxucz0iaHR0cDovL3d3dy53My5vcmcvMjAwMC9zdmciPjwvc3ZnPg==\" style=\"--smush-placeholder-width: 280px; --smush-placeholder-aspect-ratio: 280\/251;\" \/><\/a><\/div>\n<\/div>\n<div style=\"text-align: justify;\">Resalt\u00f3 que las citadas graduaciones se han llevado a cabo en las comunidades de Las Matas de Farf\u00e1n, Enriquillo, Duverge, Pedernales, Barahona, Neiba, Vallejuelo, Arroyo Cano, Bani, San Jos\u00e9 de Ocoa. Tambi\u00e9n, Mao, Moca, San Jos\u00e9 de las Matas, La Vega, Nagua, Pimentel, Castillo, Arroyo Barril, Los Castillos, La Victoria, San Crist\u00f3bal, Bani, San Jos\u00e9 de Ocoa Miches, Hato Mayor, San Pedro de Macor\u00eds, La Romana, entre otras demarcaciones.<\/div>\n<div style=\"text-align: justify;\">\n<div class=\"separator\"><a href=\"https:\/\/blogger.googleusercontent.com\/img\/b\/R29vZ2xl\/AVvXsEgh0ekTISRg4-34wta16HrgbbKOSZAx2x1GovxpHLmZXGxqVLiMV48YF25CfuaIIoyX58XKmIHysQo4OMee9Aozy7Uc3nCf1uvbrd3FsDF7WXO1jPnJlfeaCa0PnzFu6QeXx-1XNYswSqW2C2L_MAJECaC-DikVPex7yHNv2eP3zDIt9mZSHcbSvPmp9Q\/s910\/84614E65-2227-4955-A939-1ACC3B11FB26.jpeg\"><img decoding=\"async\" class=\"aligncenter lazyload\" data-src=\"https:\/\/blogger.googleusercontent.com\/img\/b\/R29vZ2xl\/AVvXsEgh0ekTISRg4-34wta16HrgbbKOSZAx2x1GovxpHLmZXGxqVLiMV48YF25CfuaIIoyX58XKmIHysQo4OMee9Aozy7Uc3nCf1uvbrd3FsDF7WXO1jPnJlfeaCa0PnzFu6QeXx-1XNYswSqW2C2L_MAJECaC-DikVPex7yHNv2eP3zDIt9mZSHcbSvPmp9Q\/w400-h323\/84614E65-2227-4955-A939-1ACC3B11FB26.jpeg\" width=\"280\" height=\"226\" border=\"0\" data-original-height=\"735\" data-original-width=\"910\" src=\"data:image\/svg+xml;base64,PHN2ZyB3aWR0aD0iMSIgaGVpZ2h0PSIxIiB4bWxucz0iaHR0cDovL3d3dy53My5vcmcvMjAwMC9zdmciPjwvc3ZnPg==\" style=\"--smush-placeholder-width: 280px; --smush-placeholder-aspect-ratio: 280\/226;\" \/><\/a><\/div>\n<\/div>\n<div style=\"text-align: justify;\">Los estudiantes se graduaron en m\u00e1s de 100 acciones formativas, entre las que figuran, t\u00e9cnicos y auxiliares en contabilidad, farmacia, ventas, bisuter\u00eda, decoraci\u00f3n de interiores, electricidad, instalador y reparador de l\u00edneas telef\u00f3nicas, refrigeraci\u00f3n, masaje corporal, oratoria y locuci\u00f3n, reparador de computadoras, instalador de redes, reposter\u00eda, secretariado ejecutivo, t\u00e9cnico dental, conductor de veh\u00edculos livianos, talla en madera, entre otros.<\/div>\n","protected":false},"excerpt":{"rendered":"<p>Por F\u00e9lix Rubio La Direcci\u00f3n General de las Escuelas Vocacionales de las Fuerzas Armadas y<\/p>\n","protected":false},"author":2,"featured_media":0,"comment_status":"open","ping_status":"open","sticky":false,"template":"","format":"standard","meta":{"footnotes":""},"categories":[7],"tags":[],"class_list":["post-2366","post","type-post","status-publish","format-standard","hentry","category-nacionales"],"_links":{"self":[{"href":"https:\/\/defrentealaverdad.com\/index.php\/wp-json\/wp\/v2\/posts\/2366","targetHints":{"allow":["GET"]}}],"collection":[{"href":"https:\/\/defrentealaverdad.com\/index.php\/wp-json\/wp\/v2\/posts"}],"about":[{"href":"https:\/\/defrentealaverdad.com\/index.php\/wp-json\/wp\/v2\/types\/post"}],"author":[{"embeddable":true,"href":"https:\/\/defrentealaverdad.com\/index.php\/wp-json\/wp\/v2\/users\/2"}],"replies":[{"embeddable":true,"href":"https:\/\/defrentealaverdad.com\/index.php\/wp-json\/wp\/v2\/comments?post=2366"}],"version-history":[{"count":1,"href":"https:\/\/defrentealaverdad.com\/index.php\/wp-json\/wp\/v2\/posts\/2366\/revisions"}],"predecessor-version":[{"id":2367,"href":"https:\/\/defrentealaverdad.com\/index.php\/wp-json\/wp\/v2\/posts\/2366\/revisions\/2367"}],"wp:attachment":[{"href":"https:\/\/defrentealaverdad.com\/index.php\/wp-json\/wp\/v2\/media?parent=2366"}],"wp:term":[{"taxonomy":"category","embeddable":true,"href":"https:\/\/defrentealaverdad.com\/index.php\/wp-json\/wp\/v2\/categories?post=2366"},{"taxonomy":"post_tag","embeddable":true,"href":"https:\/\/defrentealaverdad.com\/index.php\/wp-json\/wp\/v2\/tags?post=2366"}],"curies":[{"name":"wp","href":"https:\/\/api.w.org\/{rel}","templated":true}]}}