{"id":23140,"date":"2024-08-18T14:59:47","date_gmt":"2024-08-18T14:59:47","guid":{"rendered":"https:\/\/defrentealaverdad.com\/?p=23140"},"modified":"2024-08-18T15:01:38","modified_gmt":"2024-08-18T15:01:38","slug":"francis-cruz-interpretar-a-joaquin-balaguer-ha-sido-lo-mas-retador-de-mi-carrera","status":"publish","type":"post","link":"https:\/\/defrentealaverdad.com\/index.php\/2024\/08\/18\/francis-cruz-interpretar-a-joaquin-balaguer-ha-sido-lo-mas-retador-de-mi-carrera\/","title":{"rendered":"Francis Cruz: \u201cInterpretar a Joaqu\u00edn Balaguer ha sido lo m\u00e1s retador de mi carrera\u201d"},"content":{"rendered":"<p style=\"text-align: justify;\">Santiago, R.D. Para el actor Francis Cruz Ariza, interpretar al doctor Joaqu\u00edn Balaguer ha sido una de las experiencias m\u00e1s arduas y retadoras dentro de su carrera art\u00edstica.<\/p>\n<blockquote>\n<p style=\"text-align: justify;\">\u201cSin lugar a dudas, ha sido todo un desaf\u00edo este personaje, pero la verdad que me ha dejado grandes satisfacciones a nivel personal y profesional, debido a que tengo la oportunidad de narrar pasajes \u00edntimos de la vida de este gran estadista, escritor, poeta y pol\u00edtico\u201d, sostuvo Cruz.<\/p>\n<\/blockquote>\n<p style=\"text-align: justify;\">Francis confiesa que hacer la obra \u201cEl Gallo\u201d fue un sue\u00f1o de m\u00e1s de veinte a\u00f1os, el cual surgi\u00f3 a ra\u00edz de un encuentro personal con Joaqu\u00edn Balaguer.<\/p>\n<p style=\"text-align: justify;\">\u201cEl Gallo\u201d, luego de varias presentaciones en Santo Domingo a casa llena, se presenta en Santiago de los Caballeros desde el jueves 5 al s\u00e1bado 7 de septiembre a las 8:30 de la noche, en la sala Julio Alberto Hern\u00e1ndez del Gran Teatro del Cibao.<\/p>\n<blockquote>\n<p style=\"text-align: justify;\">\u201cEstamos haciendo un montaje totalmente honesto, pero sobre todo comprometido con el arte, sin ser juez del personaje y contando de manera directa los hechos tal cual sucedieron\u201d, explica el reputado actor.<\/p>\n<\/blockquote>\n<p style=\"text-align: justify;\">El p\u00fablico que asista tendr\u00e1 la oportunidad de reflexionar sobre la vida \u00edntima del ex mandatario, pasajes hist\u00f3ricos, hechos trascendentales que dejar\u00e1n ver c\u00f3mo era el doctor como ser humano y sobre todo poder equiparar las dos caras de la moneda.<\/p>\n<p style=\"text-align: justify;\">Cruz sugiri\u00f3 que quienes odian, quienes aman, quienes fueron sus enemigos y sus partidarios no deben dejar de ver esta obra teatral, ya que tocar\u00e1 fibras muy sensibles.<\/p>\n<p style=\"text-align: justify;\">\u00a0Adem\u00e1s, los asistentes podr\u00e1n ver con diferentes colores de cristales la historia de un personaje desde la intimidad de la hora de su muerte.<\/p>\n<p style=\"text-align: justify;\">Con esta pieza, uno de los encuentros teatrales dominicanos m\u00e1s comprometidos de los \u00faltimos tiempos, Francis Cruz celebra sus treinta a\u00f1os en el teatro.<\/p>\n<p style=\"text-align: justify;\">\u201cEl Gallo\u201d es autor\u00eda de Rafael Morla, bajo la direcci\u00f3n esc\u00e9nica de Fausto Rojas y Tony G\u00f3mez como productor asociado.<\/p>\n<p>&nbsp;<\/p>\n<p>Fuente: Informaciones a Nivel<\/p>\n","protected":false},"excerpt":{"rendered":"<p>Santiago, R.D. Para el actor Francis Cruz Ariza, interpretar al doctor Joaqu\u00edn Balaguer ha sido<\/p>\n","protected":false},"author":4,"featured_media":23144,"comment_status":"open","ping_status":"open","sticky":false,"template":"","format":"standard","meta":{"footnotes":""},"categories":[7],"tags":[],"class_list":["post-23140","post","type-post","status-publish","format-standard","has-post-thumbnail","hentry","category-nacionales"],"_links":{"self":[{"href":"https:\/\/defrentealaverdad.com\/index.php\/wp-json\/wp\/v2\/posts\/23140","targetHints":{"allow":["GET"]}}],"collection":[{"href":"https:\/\/defrentealaverdad.com\/index.php\/wp-json\/wp\/v2\/posts"}],"about":[{"href":"https:\/\/defrentealaverdad.com\/index.php\/wp-json\/wp\/v2\/types\/post"}],"author":[{"embeddable":true,"href":"https:\/\/defrentealaverdad.com\/index.php\/wp-json\/wp\/v2\/users\/4"}],"replies":[{"embeddable":true,"href":"https:\/\/defrentealaverdad.com\/index.php\/wp-json\/wp\/v2\/comments?post=23140"}],"version-history":[{"count":1,"href":"https:\/\/defrentealaverdad.com\/index.php\/wp-json\/wp\/v2\/posts\/23140\/revisions"}],"predecessor-version":[{"id":23141,"href":"https:\/\/defrentealaverdad.com\/index.php\/wp-json\/wp\/v2\/posts\/23140\/revisions\/23141"}],"wp:featuredmedia":[{"embeddable":true,"href":"https:\/\/defrentealaverdad.com\/index.php\/wp-json\/wp\/v2\/media\/23144"}],"wp:attachment":[{"href":"https:\/\/defrentealaverdad.com\/index.php\/wp-json\/wp\/v2\/media?parent=23140"}],"wp:term":[{"taxonomy":"category","embeddable":true,"href":"https:\/\/defrentealaverdad.com\/index.php\/wp-json\/wp\/v2\/categories?post=23140"},{"taxonomy":"post_tag","embeddable":true,"href":"https:\/\/defrentealaverdad.com\/index.php\/wp-json\/wp\/v2\/tags?post=23140"}],"curies":[{"name":"wp","href":"https:\/\/api.w.org\/{rel}","templated":true}]}}