{"id":22996,"date":"2024-08-16T20:22:49","date_gmt":"2024-08-16T20:22:49","guid":{"rendered":"https:\/\/defrentealaverdad.com\/?p=22996"},"modified":"2024-08-16T20:23:05","modified_gmt":"2024-08-16T20:23:05","slug":"la-nueva-fecha-de-eel-festival-dominicano-de-perth-amboy","status":"publish","type":"post","link":"https:\/\/defrentealaverdad.com\/index.php\/2024\/08\/16\/la-nueva-fecha-de-eel-festival-dominicano-de-perth-amboy\/","title":{"rendered":"La nueva fecha del Festival Dominicano de Perth Amboy"},"content":{"rendered":"<p style=\"text-align: justify;\">La reconocida \u201cPlayita\u201d de Perth Amboy ser\u00e1 el escenario del esperado Festival Dominicano, que se llevar\u00e1 a cabo del 30 de agosto al 1 de septiembre.<\/p>\n<p style=\"text-align: justify;\">Este evento, se ha celebrado con \u00e9xito por m\u00e1s de 30 a\u00f1os, es organizado por Irving Lozada y la Fundaci\u00f3n United Dominican.<\/p>\n<p style=\"text-align: justify;\">Este vibrante festival contar\u00e1 con la participaci\u00f3n de los mejores artistas y agrupaciones musicales dominicanas, prometiendo una experiencia inolvidable para todos los asistentes.<\/p>\n<blockquote>\n<p style=\"text-align: justify;\">\u00abEstamos emocionados de reunir a la comunidad para celebrar nuestra rica herencia y ofrecer un espect\u00e1culo de calidad con destacados int\u00e9rpretes\u00bb, afirm\u00f3 Irving Lozada, productor del festival.<\/p>\n<\/blockquote>\n<p style=\"text-align: justify;\">Adem\u00e1s de la m\u00fasica, los asistentes podr\u00e1n disfrutar de una variedad de actividades culturales, gastronom\u00eda aut\u00e9ntica y un ambiente festivo que enaltece el esp\u00edritu dominicano.<\/p>\n<p style=\"text-align: justify;\">No te pierdas esta oportunidad de sumergirte en la cultura y la m\u00fasica.<\/p>\n<p>&nbsp;<\/p>\n","protected":false},"excerpt":{"rendered":"<p>La reconocida \u201cPlayita\u201d de Perth Amboy ser\u00e1 el escenario del esperado Festival Dominicano, que se<\/p>\n","protected":false},"author":4,"featured_media":22997,"comment_status":"open","ping_status":"open","sticky":false,"template":"","format":"standard","meta":{"footnotes":""},"categories":[16],"tags":[],"class_list":["post-22996","post","type-post","status-publish","format-standard","has-post-thumbnail","hentry","category-internacionales"],"_links":{"self":[{"href":"https:\/\/defrentealaverdad.com\/index.php\/wp-json\/wp\/v2\/posts\/22996","targetHints":{"allow":["GET"]}}],"collection":[{"href":"https:\/\/defrentealaverdad.com\/index.php\/wp-json\/wp\/v2\/posts"}],"about":[{"href":"https:\/\/defrentealaverdad.com\/index.php\/wp-json\/wp\/v2\/types\/post"}],"author":[{"embeddable":true,"href":"https:\/\/defrentealaverdad.com\/index.php\/wp-json\/wp\/v2\/users\/4"}],"replies":[{"embeddable":true,"href":"https:\/\/defrentealaverdad.com\/index.php\/wp-json\/wp\/v2\/comments?post=22996"}],"version-history":[{"count":2,"href":"https:\/\/defrentealaverdad.com\/index.php\/wp-json\/wp\/v2\/posts\/22996\/revisions"}],"predecessor-version":[{"id":22999,"href":"https:\/\/defrentealaverdad.com\/index.php\/wp-json\/wp\/v2\/posts\/22996\/revisions\/22999"}],"wp:featuredmedia":[{"embeddable":true,"href":"https:\/\/defrentealaverdad.com\/index.php\/wp-json\/wp\/v2\/media\/22997"}],"wp:attachment":[{"href":"https:\/\/defrentealaverdad.com\/index.php\/wp-json\/wp\/v2\/media?parent=22996"}],"wp:term":[{"taxonomy":"category","embeddable":true,"href":"https:\/\/defrentealaverdad.com\/index.php\/wp-json\/wp\/v2\/categories?post=22996"},{"taxonomy":"post_tag","embeddable":true,"href":"https:\/\/defrentealaverdad.com\/index.php\/wp-json\/wp\/v2\/tags?post=22996"}],"curies":[{"name":"wp","href":"https:\/\/api.w.org\/{rel}","templated":true}]}}