{"id":22882,"date":"2024-08-16T04:27:46","date_gmt":"2024-08-16T04:27:46","guid":{"rendered":"https:\/\/defrentealaverdad.com\/?p=22882"},"modified":"2024-08-16T19:17:33","modified_gmt":"2024-08-16T19:17:33","slug":"david-collado-se-muestra-contento-por-recibir-a-alex-rodriguez-y-su-equipo","status":"publish","type":"post","link":"https:\/\/defrentealaverdad.com\/index.php\/2024\/08\/16\/david-collado-se-muestra-contento-por-recibir-a-alex-rodriguez-y-su-equipo\/","title":{"rendered":"David Collado se muestra contento por recibir a Alex Rodr\u00edguez y su equipo"},"content":{"rendered":"<p style=\"text-align: justify;\">El ministro de Turismo, David Collado, expres\u00f3 su emoci\u00f3n al recibir este jueves al exbeisbolista Alex Rodr\u00edguez y su equipo. Collado escribi\u00f3 en sus cuenta de X:<\/p>\n<blockquote>\n<p style=\"text-align: justify;\"><em>\u201cJuntos planificamos futuros proyectos que impactar\u00e1n positivamente el turismo de nuestro pa\u00eds\u201d<\/em><\/p>\n<\/blockquote>\n<p style=\"text-align: justify;\">Agreg\u00f3 que ambos tomaron un helado juntos <em>\u201cy un grato momento. \u00a1Grandes noticias se vienen, mi gente! Gracias\u201d.<\/em><\/p>\n<p>&nbsp;<\/p>\n<p>Fuente: RC Noticias<\/p>\n","protected":false},"excerpt":{"rendered":"<p>El ministro de Turismo, David Collado, expres\u00f3 su emoci\u00f3n al recibir este jueves al exbeisbolista<\/p>\n","protected":false},"author":4,"featured_media":22883,"comment_status":"open","ping_status":"open","sticky":false,"template":"","format":"standard","meta":{"footnotes":""},"categories":[11],"tags":[],"class_list":["post-22882","post","type-post","status-publish","format-standard","has-post-thumbnail","hentry","category-turismo"],"_links":{"self":[{"href":"https:\/\/defrentealaverdad.com\/index.php\/wp-json\/wp\/v2\/posts\/22882","targetHints":{"allow":["GET"]}}],"collection":[{"href":"https:\/\/defrentealaverdad.com\/index.php\/wp-json\/wp\/v2\/posts"}],"about":[{"href":"https:\/\/defrentealaverdad.com\/index.php\/wp-json\/wp\/v2\/types\/post"}],"author":[{"embeddable":true,"href":"https:\/\/defrentealaverdad.com\/index.php\/wp-json\/wp\/v2\/users\/4"}],"replies":[{"embeddable":true,"href":"https:\/\/defrentealaverdad.com\/index.php\/wp-json\/wp\/v2\/comments?post=22882"}],"version-history":[{"count":2,"href":"https:\/\/defrentealaverdad.com\/index.php\/wp-json\/wp\/v2\/posts\/22882\/revisions"}],"predecessor-version":[{"id":22952,"href":"https:\/\/defrentealaverdad.com\/index.php\/wp-json\/wp\/v2\/posts\/22882\/revisions\/22952"}],"wp:featuredmedia":[{"embeddable":true,"href":"https:\/\/defrentealaverdad.com\/index.php\/wp-json\/wp\/v2\/media\/22883"}],"wp:attachment":[{"href":"https:\/\/defrentealaverdad.com\/index.php\/wp-json\/wp\/v2\/media?parent=22882"}],"wp:term":[{"taxonomy":"category","embeddable":true,"href":"https:\/\/defrentealaverdad.com\/index.php\/wp-json\/wp\/v2\/categories?post=22882"},{"taxonomy":"post_tag","embeddable":true,"href":"https:\/\/defrentealaverdad.com\/index.php\/wp-json\/wp\/v2\/tags?post=22882"}],"curies":[{"name":"wp","href":"https:\/\/api.w.org\/{rel}","templated":true}]}}