{"id":22876,"date":"2024-08-16T04:20:18","date_gmt":"2024-08-16T04:20:18","guid":{"rendered":"https:\/\/defrentealaverdad.com\/?p=22876"},"modified":"2024-08-16T04:20:18","modified_gmt":"2024-08-16T04:20:18","slug":"dr-angel-carreras-no-existe-cobertura-medica-para-cirugias-de-epilepsia","status":"publish","type":"post","link":"https:\/\/defrentealaverdad.com\/index.php\/2024\/08\/16\/dr-angel-carreras-no-existe-cobertura-medica-para-cirugias-de-epilepsia\/","title":{"rendered":"Dr. \u00c1ngel Carreras: no existe cobertura m\u00e9dica para cirug\u00edas de epilepsia"},"content":{"rendered":"<p><img decoding=\"async\" class=\"size-medium wp-image-22877 aligncenter lazyload\" data-src=\"https:\/\/defrentealaverdad.com\/wp-content\/uploads\/2024\/08\/Screenshot_2024-08-16_004710-300x234.png\" alt=\"\" width=\"300\" height=\"234\" data-srcset=\"https:\/\/defrentealaverdad.com\/wp-content\/uploads\/2024\/08\/Screenshot_2024-08-16_004710-300x234.png 300w, https:\/\/defrentealaverdad.com\/wp-content\/uploads\/2024\/08\/Screenshot_2024-08-16_004710-768x599.png 768w, https:\/\/defrentealaverdad.com\/wp-content\/uploads\/2024\/08\/Screenshot_2024-08-16_004710.png 864w\" data-sizes=\"(max-width: 300px) 100vw, 300px\" src=\"data:image\/svg+xml;base64,PHN2ZyB3aWR0aD0iMSIgaGVpZ2h0PSIxIiB4bWxucz0iaHR0cDovL3d3dy53My5vcmcvMjAwMC9zdmciPjwvc3ZnPg==\" style=\"--smush-placeholder-width: 300px; --smush-placeholder-aspect-ratio: 300\/234;\" \/><\/p>\n<p style=\"text-align: justify;\">El doctor \u00c1ngel Carreras expres\u00f3 este jueves su preocupaci\u00f3n por la limitada cobertura de salud en el \u00e1rea de epilepsia y otras enfermedades neurol\u00f3gicas.<\/p>\n<blockquote>\n<p style=\"text-align: justify;\">\u201cEn este momento no existe cobertura para cirug\u00edas de epilepsia, no existe cobertura alguna, no existe tampoco cobertura para registro profundo que muchas veces lo necesitamos, pacientes que necesitamos ponerle unos electrodos para registrar que parte espec\u00edficamente esta teniendo la crisis, estamos trabajando en poder gestionar pol\u00edticas p\u00fablicas.\u201d<\/p>\n<\/blockquote>\n<p style=\"text-align: justify;\">El doctor subray\u00f3 la necesidad urgente de incluir cirug\u00edas y tratamientos especializados para la epilepsia, el Parkinson y trastornos psiqui\u00e1tricos dentro del plan b\u00e1sico de salud del pa\u00eds.<\/p>\n<p style=\"text-align: justify;\">A pesar de que su equipo ha realizado m\u00faltiples gestiones, incluyendo entrevistas y campa\u00f1as publicitarias para crear conciencia, actualmente no existe cobertura para cirug\u00edas de epilepsia ni para procedimientos avanzados, como el registro profundo. Este \u00faltimo es fundamental para colocar electrodos que permitan identificar con precisi\u00f3n la zona del cerebro donde se generan las crisis epil\u00e9pticas.<\/p>\n<p style=\"text-align: justify;\">En una entrevista en el programa radial Esto No Tiene Nombre, el Dr. Carreras enfatiz\u00f3 que es imperativo desarrollar pol\u00edticas p\u00fablicas que aborden estas carencias, ya que la falta de cobertura afecta directamente la calidad de vida de los pacientes.<\/p>\n<p style=\"text-align: justify;\">Adem\u00e1s, mencion\u00f3 que est\u00e1n trabajando arduamente para lograr que estas necesidades sean reconocidas y atendidas a nivel nacional. La entrevista concluy\u00f3 con un llamado a las autoridades sanitarias y al gobierno para que se comprometan a mejorar las pol\u00edticas de salud en beneficio de los pacientes que sufren de estas afecciones.<\/p>\n<p>&nbsp;<\/p>\n<p>Fuente: RC Noticias<\/p>\n","protected":false},"excerpt":{"rendered":"<p>El doctor \u00c1ngel Carreras expres\u00f3 este jueves su preocupaci\u00f3n por la limitada cobertura de salud<\/p>\n","protected":false},"author":2,"featured_media":0,"comment_status":"open","ping_status":"open","sticky":false,"template":"","format":"standard","meta":{"footnotes":""},"categories":[221],"tags":[],"class_list":["post-22876","post","type-post","status-publish","format-standard","hentry","category-salud"],"_links":{"self":[{"href":"https:\/\/defrentealaverdad.com\/index.php\/wp-json\/wp\/v2\/posts\/22876","targetHints":{"allow":["GET"]}}],"collection":[{"href":"https:\/\/defrentealaverdad.com\/index.php\/wp-json\/wp\/v2\/posts"}],"about":[{"href":"https:\/\/defrentealaverdad.com\/index.php\/wp-json\/wp\/v2\/types\/post"}],"author":[{"embeddable":true,"href":"https:\/\/defrentealaverdad.com\/index.php\/wp-json\/wp\/v2\/users\/2"}],"replies":[{"embeddable":true,"href":"https:\/\/defrentealaverdad.com\/index.php\/wp-json\/wp\/v2\/comments?post=22876"}],"version-history":[{"count":1,"href":"https:\/\/defrentealaverdad.com\/index.php\/wp-json\/wp\/v2\/posts\/22876\/revisions"}],"predecessor-version":[{"id":22878,"href":"https:\/\/defrentealaverdad.com\/index.php\/wp-json\/wp\/v2\/posts\/22876\/revisions\/22878"}],"wp:attachment":[{"href":"https:\/\/defrentealaverdad.com\/index.php\/wp-json\/wp\/v2\/media?parent=22876"}],"wp:term":[{"taxonomy":"category","embeddable":true,"href":"https:\/\/defrentealaverdad.com\/index.php\/wp-json\/wp\/v2\/categories?post=22876"},{"taxonomy":"post_tag","embeddable":true,"href":"https:\/\/defrentealaverdad.com\/index.php\/wp-json\/wp\/v2\/tags?post=22876"}],"curies":[{"name":"wp","href":"https:\/\/api.w.org\/{rel}","templated":true}]}}