{"id":22763,"date":"2024-08-15T23:26:47","date_gmt":"2024-08-15T23:26:47","guid":{"rendered":"https:\/\/defrentealaverdad.com\/?p=22763"},"modified":"2024-08-15T23:26:47","modified_gmt":"2024-08-15T23:26:47","slug":"ulises-rodriguez-y-alcaldia-de-curitiba-intercambiaran-buenas-practicas-sobre-ciudad-inteligente","status":"publish","type":"post","link":"https:\/\/defrentealaverdad.com\/index.php\/2024\/08\/15\/ulises-rodriguez-y-alcaldia-de-curitiba-intercambiaran-buenas-practicas-sobre-ciudad-inteligente\/","title":{"rendered":"Ulises Rodr\u00edguez y alcald\u00eda de Curitiba intercambiar\u00e1n buenas pr\u00e1cticas sobre ciudad inteligente"},"content":{"rendered":"<p>&nbsp;<\/p>\n<p><img decoding=\"async\" class=\"size-medium wp-image-22764 aligncenter lazyload\" data-src=\"https:\/\/defrentealaverdad.com\/wp-content\/uploads\/2024\/08\/IMG-20240814-WA0135-300x246.jpg\" alt=\"\" width=\"300\" height=\"246\" data-srcset=\"https:\/\/defrentealaverdad.com\/wp-content\/uploads\/2024\/08\/IMG-20240814-WA0135-300x246.jpg 300w, https:\/\/defrentealaverdad.com\/wp-content\/uploads\/2024\/08\/IMG-20240814-WA0135-768x631.jpg 768w, https:\/\/defrentealaverdad.com\/wp-content\/uploads\/2024\/08\/IMG-20240814-WA0135.jpg 866w\" data-sizes=\"(max-width: 300px) 100vw, 300px\" src=\"data:image\/svg+xml;base64,PHN2ZyB3aWR0aD0iMSIgaGVpZ2h0PSIxIiB4bWxucz0iaHR0cDovL3d3dy53My5vcmcvMjAwMC9zdmciPjwvc3ZnPg==\" style=\"--smush-placeholder-width: 300px; --smush-placeholder-aspect-ratio: 300\/246;\" \/><\/p>\n<p style=\"text-align: justify;\">El alcalde de Santiago, Ulises Rodr\u00edguez y el Vicealcalde de Curitiba, en Paran\u00e1 Brasil, Eduardo Pimentel Slaviero, acordaron intercambiar buenas pr\u00e1cticas sobre ciudad inteligente, en temas como transporte p\u00fablico, edificios ecol\u00f3gicos, movilidad sostenible entre otros.<\/p>\n<p style=\"text-align: justify;\">En una videoconferencia entre ambos funcionarios, Pimentel Slaveiro felicit\u00f3 a Ulises por su gesti\u00f3n y le hizo la formal invitaci\u00f3n para una visita a la ciudad de Curitiba, en el referido estado del pa\u00eds suramericano.<\/p>\n<blockquote>\n<p style=\"text-align: justify;\">\u201cQuiero invitarte oficialmente aqu\u00ed a Curitiba, para que vengas a conocer toda la ciudad, para que durante la visita puedas ver las innovaciones en la agricultura urbana, sustentabilidad, transporte colectivo, queremos est\u00e9s aqu\u00ed con nosotros\u201d, dijo el funcionario brasile\u00f1o.<\/p>\n<\/blockquote>\n<p>&nbsp;<\/p>\n<p style=\"text-align: justify;\">De su lado, Rodr\u00edguez igualmente extendi\u00f3 la invitaci\u00f3n para que el Vicealcalde de Curitiba, Eduardo Pimentel Slaviero, pueda venir a conocer la Ciudad Coraz\u00f3n y toda la Rep\u00fablica Dominicana, con el objetivo de seguir fortaleciendo los lazos con esta naci\u00f3n de cara a seguir colaborando en temas que beneficien a ambos pa\u00edses.<\/p>\n<p style=\"text-align: justify;\">Curitiba, la capital del estado de Paran\u00e1 en Brasil, se ha destacado a nivel mundial por su innovador modelo de urbanismo y sostenibilidad, convirti\u00e9ndose en un referente en el campo de las ciudades inteligentes. Sus pr\u00e1cticas y soluciones han inspirado a numerosas ciudades alrededor del globo.<\/p>\n<p style=\"text-align: justify;\">El alcalde de Santiago, forja estos lazos conforme a uno de los objetivos establecidos en su plan para convertir a Santiago en una ciudad inteligente, implementando nuevas tecnolog\u00edas con las que ya cuenta la ciudad de Curitiva como Sistema de autobuses troncales (BRT), Planificaci\u00f3n urbana participativa, Coleta selectiva de residuos, Reciclaje y compostaje, Desarrollo urbano sostenible, Edificios ecol\u00f3gicos, entre otros avances tecnol\u00f3gicos.<\/p>\n","protected":false},"excerpt":{"rendered":"<p>&nbsp; El alcalde de Santiago, Ulises Rodr\u00edguez y el Vicealcalde de Curitiba, en Paran\u00e1 Brasil,<\/p>\n","protected":false},"author":1,"featured_media":0,"comment_status":"open","ping_status":"open","sticky":false,"template":"","format":"standard","meta":{"footnotes":""},"categories":[7],"tags":[],"class_list":["post-22763","post","type-post","status-publish","format-standard","hentry","category-nacionales"],"_links":{"self":[{"href":"https:\/\/defrentealaverdad.com\/index.php\/wp-json\/wp\/v2\/posts\/22763","targetHints":{"allow":["GET"]}}],"collection":[{"href":"https:\/\/defrentealaverdad.com\/index.php\/wp-json\/wp\/v2\/posts"}],"about":[{"href":"https:\/\/defrentealaverdad.com\/index.php\/wp-json\/wp\/v2\/types\/post"}],"author":[{"embeddable":true,"href":"https:\/\/defrentealaverdad.com\/index.php\/wp-json\/wp\/v2\/users\/1"}],"replies":[{"embeddable":true,"href":"https:\/\/defrentealaverdad.com\/index.php\/wp-json\/wp\/v2\/comments?post=22763"}],"version-history":[{"count":1,"href":"https:\/\/defrentealaverdad.com\/index.php\/wp-json\/wp\/v2\/posts\/22763\/revisions"}],"predecessor-version":[{"id":22765,"href":"https:\/\/defrentealaverdad.com\/index.php\/wp-json\/wp\/v2\/posts\/22763\/revisions\/22765"}],"wp:attachment":[{"href":"https:\/\/defrentealaverdad.com\/index.php\/wp-json\/wp\/v2\/media?parent=22763"}],"wp:term":[{"taxonomy":"category","embeddable":true,"href":"https:\/\/defrentealaverdad.com\/index.php\/wp-json\/wp\/v2\/categories?post=22763"},{"taxonomy":"post_tag","embeddable":true,"href":"https:\/\/defrentealaverdad.com\/index.php\/wp-json\/wp\/v2\/tags?post=22763"}],"curies":[{"name":"wp","href":"https:\/\/api.w.org\/{rel}","templated":true}]}}