{"id":22715,"date":"2024-08-15T22:12:47","date_gmt":"2024-08-15T22:12:47","guid":{"rendered":"https:\/\/defrentealaverdad.com\/?p=22715"},"modified":"2024-08-15T22:12:47","modified_gmt":"2024-08-15T22:12:47","slug":"el-area-vii-de-salud-publica-avanza-bajo-la-nueva-gestion-del-dr-fausto-baez-en-santo-domingo-oeste","status":"publish","type":"post","link":"https:\/\/defrentealaverdad.com\/index.php\/2024\/08\/15\/el-area-vii-de-salud-publica-avanza-bajo-la-nueva-gestion-del-dr-fausto-baez-en-santo-domingo-oeste\/","title":{"rendered":"El \u00c1rea VII de Salud P\u00fablica avanza bajo la nueva gesti\u00f3n del Dr. Fausto B\u00e1ez en Santo Domingo Oeste"},"content":{"rendered":"<p><img decoding=\"async\" class=\"size-medium wp-image-22716 aligncenter lazyload\" data-src=\"https:\/\/defrentealaverdad.com\/wp-content\/uploads\/2024\/08\/IMG-20240815-WA0147-300x262.jpg\" alt=\"\" width=\"300\" height=\"262\" data-srcset=\"https:\/\/defrentealaverdad.com\/wp-content\/uploads\/2024\/08\/IMG-20240815-WA0147-300x262.jpg 300w, https:\/\/defrentealaverdad.com\/wp-content\/uploads\/2024\/08\/IMG-20240815-WA0147.jpg 636w\" data-sizes=\"(max-width: 300px) 100vw, 300px\" src=\"data:image\/svg+xml;base64,PHN2ZyB3aWR0aD0iMSIgaGVpZ2h0PSIxIiB4bWxucz0iaHR0cDovL3d3dy53My5vcmcvMjAwMC9zdmciPjwvc3ZnPg==\" style=\"--smush-placeholder-width: 300px; --smush-placeholder-aspect-ratio: 300\/262;\" \/><\/p>\n<p style=\"text-align: justify;\">A un mes de haber asumido la direcci\u00f3n del \u00c1rea VII de Salud P\u00fablica, el Dr. Fausto B\u00e1ez ha impulsado importantes mejoras para garantizar la salud y el bienestar de los habitantes del municipio de Santo Domingo Oeste.<\/p>\n<p style=\"text-align: justify;\">Designado el pasado 15 de julio por el ministro de Salud P\u00fablica, Dr. V\u00edctor Atallah, el Dr. B\u00e1ez cuenta con una destacada trayectoria como m\u00e9dico en medicina general, adem\u00e1s de poseer diplomas en administraci\u00f3n de proyectos sociales, seguridad social y medicina ocupacional. Su experiencia y visi\u00f3n han sido clave para los avances registrados durante estos primeros 30 d\u00edas de gesti\u00f3n.<\/p>\n<p style=\"text-align: justify;\">Desde su nombramiento, el Dr. B\u00e1ez ha implementado cambios significativos en la estructura organizacional y en el ambiente laboral de la instituci\u00f3n, lo que ha permitido un mejor rendimiento de los empleados y una optimizaci\u00f3n de los servicios prestados a la comunidad.<\/p>\n<p style=\"text-align: justify;\">Parte de su gesti\u00f3n se ha centrado en establecer v\u00ednculos con diversas entidades, tanto nacionales como internacionales, para fortalecer los recursos y servicios disponibles en el \u00c1rea VII.<\/p>\n<p style=\"text-align: justify;\">Entre sus reuniones m\u00e1s destacadas, se incluyen encuentros con Radham\u00e9s Gonz\u00e1lez, director de la Oficina Metropolitana de Servicios de Autobuses (OMSA), el Departamento de Operaciones del Instituto de Estabilizaci\u00f3n de Precios (INESPRE), Francisco Pe\u00f1a, alcalde del municipio de Santo Domingo Oeste, y la Fundaci\u00f3n Pedro Mart\u00ednez, entre otras instituciones.<\/p>\n<p style=\"text-align: justify;\">El Dr. B\u00e1ez tambi\u00e9n ha liderado inspecciones sorpresivas de permisos sanitarios y habilitaciones en la zona oeste, con el objetivo de asegurar que las normativas de salud p\u00fablica se cumplan a cabalidad, garantizando la seguridad y bienestar de la poblaci\u00f3n.<\/p>\n<p style=\"text-align: justify;\">Con estos logros iniciales, el \u00c1rea VII de Salud P\u00fablica se proyecta como una instituci\u00f3n cada vez m\u00e1s eficiente y comprometida con el desarrollo y la salud de Santo Domingo Oeste, bajo la direcci\u00f3n del Dr. Fausto B\u00e1ez.<\/p>\n<p>Fuente: MSP<\/p>\n","protected":false},"excerpt":{"rendered":"<p>A un mes de haber asumido la direcci\u00f3n del \u00c1rea VII de Salud P\u00fablica, el<\/p>\n","protected":false},"author":1,"featured_media":0,"comment_status":"open","ping_status":"open","sticky":false,"template":"","format":"standard","meta":{"footnotes":""},"categories":[7],"tags":[],"class_list":["post-22715","post","type-post","status-publish","format-standard","hentry","category-nacionales"],"_links":{"self":[{"href":"https:\/\/defrentealaverdad.com\/index.php\/wp-json\/wp\/v2\/posts\/22715","targetHints":{"allow":["GET"]}}],"collection":[{"href":"https:\/\/defrentealaverdad.com\/index.php\/wp-json\/wp\/v2\/posts"}],"about":[{"href":"https:\/\/defrentealaverdad.com\/index.php\/wp-json\/wp\/v2\/types\/post"}],"author":[{"embeddable":true,"href":"https:\/\/defrentealaverdad.com\/index.php\/wp-json\/wp\/v2\/users\/1"}],"replies":[{"embeddable":true,"href":"https:\/\/defrentealaverdad.com\/index.php\/wp-json\/wp\/v2\/comments?post=22715"}],"version-history":[{"count":1,"href":"https:\/\/defrentealaverdad.com\/index.php\/wp-json\/wp\/v2\/posts\/22715\/revisions"}],"predecessor-version":[{"id":22717,"href":"https:\/\/defrentealaverdad.com\/index.php\/wp-json\/wp\/v2\/posts\/22715\/revisions\/22717"}],"wp:attachment":[{"href":"https:\/\/defrentealaverdad.com\/index.php\/wp-json\/wp\/v2\/media?parent=22715"}],"wp:term":[{"taxonomy":"category","embeddable":true,"href":"https:\/\/defrentealaverdad.com\/index.php\/wp-json\/wp\/v2\/categories?post=22715"},{"taxonomy":"post_tag","embeddable":true,"href":"https:\/\/defrentealaverdad.com\/index.php\/wp-json\/wp\/v2\/tags?post=22715"}],"curies":[{"name":"wp","href":"https:\/\/api.w.org\/{rel}","templated":true}]}}