{"id":22712,"date":"2024-08-15T22:09:54","date_gmt":"2024-08-15T22:09:54","guid":{"rendered":"https:\/\/defrentealaverdad.com\/?p=22712"},"modified":"2024-08-15T22:09:54","modified_gmt":"2024-08-15T22:09:54","slug":"maestros-piden-un-pacto-colectivo-por-la-paz-en-la-escuela","status":"publish","type":"post","link":"https:\/\/defrentealaverdad.com\/index.php\/2024\/08\/15\/maestros-piden-un-pacto-colectivo-por-la-paz-en-la-escuela\/","title":{"rendered":"Maestros piden un Pacto Colectivo por la Paz en la Escuela\u00a0"},"content":{"rendered":"<p><img decoding=\"async\" class=\"size-medium wp-image-22713 aligncenter lazyload\" data-src=\"https:\/\/defrentealaverdad.com\/wp-content\/uploads\/2024\/08\/IMG-20240815-WA0136-300x200.jpg\" alt=\"\" width=\"300\" height=\"200\" data-srcset=\"https:\/\/defrentealaverdad.com\/wp-content\/uploads\/2024\/08\/IMG-20240815-WA0136-300x200.jpg 300w, https:\/\/defrentealaverdad.com\/wp-content\/uploads\/2024\/08\/IMG-20240815-WA0136-768x512.jpg 768w, https:\/\/defrentealaverdad.com\/wp-content\/uploads\/2024\/08\/IMG-20240815-WA0136.jpg 960w\" data-sizes=\"(max-width: 300px) 100vw, 300px\" src=\"data:image\/svg+xml;base64,PHN2ZyB3aWR0aD0iMSIgaGVpZ2h0PSIxIiB4bWxucz0iaHR0cDovL3d3dy53My5vcmcvMjAwMC9zdmciPjwvc3ZnPg==\" style=\"--smush-placeholder-width: 300px; --smush-placeholder-aspect-ratio: 300\/200;\" \/><\/p>\n<p style=\"text-align: justify;\">El Secretario General de la Corriente Magisterial Juan Pablo Duarte se uni\u00f3 a las voces que piden un acuerdo para el pr\u00f3ximo cuatrienio de gobierno que defina las prioridades de la educaci\u00f3n dominicana, el bienestar de la escuela, mejores condiciones de vida y de trabajo para los casi 200,000 maestros que laboran en las escuelas p\u00fablicas.<\/p>\n<blockquote>\n<p style=\"text-align: justify;\">\u201cLa confrontaci\u00f3n permanente entre el MINERD y la ADP, se pueden discutir, consensuar y pactar, si hay una voluntad sincera de contribuir a la mejor\u00eda de la calidad educativa\u201d, manifest\u00f3 Menegildo y a su vez record\u00f3 que se hizo un buen ensayo a inicio del primer per\u00edodo del presidente Abinader y la gesti\u00f3n de Roberto Fulcar, que de no ser violado por el actual Ministro \u00c1ngel Hernandez, se hubiera garantizado la paz y el avance en los prop\u00f3sitos acordados.<\/p>\n<\/blockquote>\n<p style=\"text-align: justify;\">Menegildo De la Rosa propone que una comisi\u00f3n de notables independientes, deben servir de intermediarios para hacer posible ese pacto colectivo que permita mejorar la calidad de los aprendizajes y los valores obtenidos por el pa\u00eds en las mediciones internacionales que se hacen, <em>\u201cLa Corriente Juan Pablo Duarte est\u00e1 comprometida con la calidad de la educaci\u00f3n, la dignificaci\u00f3n de la carrera docente y el bienestar Magisterial.\u201d<\/em> expres\u00f3 De La Rosa<\/p>\n<p style=\"text-align: justify;\">Menegildo De La Rosa es candidato a la Vicepresidencia del Comit\u00e9 Ejecutivo Nacional de la ADP, acompa\u00f1ante del candidato a la presidencia del gremio Miguel \u00c1ngel Fernandez y el prof. Rafael F\u00e9lix candidato a la secretaria General en la boleta N- 5 de la Juan Pablo Duarte para las elecciones del 9 de Octubre del presente a\u00f1o.<\/p>\n<p style=\"text-align: justify;\">Por \u00faltimo el Dirigente Nacional Menegildo De La Rosa llamo al Magisterio a votar por la Juan Pablo Duarte como garante de que se conserven las conquistas hist\u00f3ricas del Magisterio y se mantenga el sindicato unido y combativo, para seguir avanzando en la mejor\u00eda del bienestar magisterial, de llegar a la direcci\u00f3n del gremio, los profesores de la Corriente Juan Pablo Duarte, manifiestan que impulsar\u00e1n un pacto de caballeros que sea GANAR-GANAR para el pa\u00eds y los sectores involucrados, expresando de qu\u00e9 son partidario del di\u00e1logo y el consenso.<\/p>\n<p>Fuente: Corriente Magisterial Juan Pablo Duarte<\/p>\n","protected":false},"excerpt":{"rendered":"<p>El Secretario General de la Corriente Magisterial Juan Pablo Duarte se uni\u00f3 a las voces<\/p>\n","protected":false},"author":1,"featured_media":0,"comment_status":"open","ping_status":"open","sticky":false,"template":"","format":"standard","meta":{"footnotes":""},"categories":[7],"tags":[],"class_list":["post-22712","post","type-post","status-publish","format-standard","hentry","category-nacionales"],"_links":{"self":[{"href":"https:\/\/defrentealaverdad.com\/index.php\/wp-json\/wp\/v2\/posts\/22712","targetHints":{"allow":["GET"]}}],"collection":[{"href":"https:\/\/defrentealaverdad.com\/index.php\/wp-json\/wp\/v2\/posts"}],"about":[{"href":"https:\/\/defrentealaverdad.com\/index.php\/wp-json\/wp\/v2\/types\/post"}],"author":[{"embeddable":true,"href":"https:\/\/defrentealaverdad.com\/index.php\/wp-json\/wp\/v2\/users\/1"}],"replies":[{"embeddable":true,"href":"https:\/\/defrentealaverdad.com\/index.php\/wp-json\/wp\/v2\/comments?post=22712"}],"version-history":[{"count":1,"href":"https:\/\/defrentealaverdad.com\/index.php\/wp-json\/wp\/v2\/posts\/22712\/revisions"}],"predecessor-version":[{"id":22714,"href":"https:\/\/defrentealaverdad.com\/index.php\/wp-json\/wp\/v2\/posts\/22712\/revisions\/22714"}],"wp:attachment":[{"href":"https:\/\/defrentealaverdad.com\/index.php\/wp-json\/wp\/v2\/media?parent=22712"}],"wp:term":[{"taxonomy":"category","embeddable":true,"href":"https:\/\/defrentealaverdad.com\/index.php\/wp-json\/wp\/v2\/categories?post=22712"},{"taxonomy":"post_tag","embeddable":true,"href":"https:\/\/defrentealaverdad.com\/index.php\/wp-json\/wp\/v2\/tags?post=22712"}],"curies":[{"name":"wp","href":"https:\/\/api.w.org\/{rel}","templated":true}]}}