{"id":22709,"date":"2024-08-15T22:07:38","date_gmt":"2024-08-15T22:07:38","guid":{"rendered":"https:\/\/defrentealaverdad.com\/?p=22709"},"modified":"2024-08-15T22:07:38","modified_gmt":"2024-08-15T22:07:38","slug":"alejandra-alvarez-un-icono-de-la-prensa-y-relaciones-publicas-en-colombia","status":"publish","type":"post","link":"https:\/\/defrentealaverdad.com\/index.php\/2024\/08\/15\/alejandra-alvarez-un-icono-de-la-prensa-y-relaciones-publicas-en-colombia\/","title":{"rendered":"Alejandra \u00c1lvarez, Un \u00cdcono de la Prensa y Relaciones P\u00fablicas en Colombia"},"content":{"rendered":"<p><img decoding=\"async\" class=\"size-medium wp-image-22710 aligncenter lazyload\" data-src=\"https:\/\/defrentealaverdad.com\/wp-content\/uploads\/2024\/08\/IMG-20240815-WA0094-300x296.jpg\" alt=\"\" width=\"300\" height=\"296\" data-srcset=\"https:\/\/defrentealaverdad.com\/wp-content\/uploads\/2024\/08\/IMG-20240815-WA0094-300x296.jpg 300w, https:\/\/defrentealaverdad.com\/wp-content\/uploads\/2024\/08\/IMG-20240815-WA0094.jpg 540w\" data-sizes=\"(max-width: 300px) 100vw, 300px\" src=\"data:image\/svg+xml;base64,PHN2ZyB3aWR0aD0iMSIgaGVpZ2h0PSIxIiB4bWxucz0iaHR0cDovL3d3dy53My5vcmcvMjAwMC9zdmciPjwvc3ZnPg==\" style=\"--smush-placeholder-width: 300px; --smush-placeholder-aspect-ratio: 300\/296;\" \/><\/p>\n<p style=\"text-align: justify;\">Bogot\u00e1, Colombia \u2013\u00a0 Alejandra \u00c1lvarez, reconocida comunicadora social y periodista, ha dejado una huella imborrable en el mundo de las comunicaciones estrat\u00e9gicas y relaciones p\u00fablicas en Colombia. Egresada de la Universidad Jorge Tadeo Lozano de Bogot\u00e1, Alejandra inici\u00f3 su carrera como jefe de prensa movida por una profunda pasi\u00f3n por conectar a los medios con diversos sectores y proyectos.<\/p>\n<p style=\"text-align: justify;\">Con m\u00e1s de 16 a\u00f1os de experiencia, Alejandra ha sido el motor detr\u00e1s del posicionamiento medi\u00e1tico de artistas, conciertos, marcas y eventos culturales de gran renombre en el pa\u00eds. Su trayectoria incluye colaboraciones con personalidades y eventos de la talla de Telet\u00f3n Colombia, Adriana Bottina, Los Petitfellas, Latino Show Music Awards, y muchos m\u00e1s.<\/p>\n<p style=\"text-align: justify;\">Su dedicaci\u00f3n y profesionalismo le han valido m\u00faltiples reconocimientos, incluyendo premios como &#8216;Mejor jefe de prensa de la industria de la m\u00fasica electr\u00f3nica&#8217;, &#8216;Mejor relacionista p\u00fablica de nuevos artistas&#8217;, y la condecoraci\u00f3n en la orden civil al m\u00e9rito &#8216;Diana Turbay&#8217; otorgada por el Congreso de la Rep\u00fablica de Colombia.<\/p>\n<blockquote>\n<p style=\"text-align: justify;\">\u00abMe encanta la gente, me gusta conocer personas todos los d\u00edas y aprender de los mejores. Es un camino muy duro, dif\u00edcil, de mucha constancia y paciencia, pero del cual estoy enamorada desde hace varios a\u00f1os, cada d\u00eda amo m\u00e1s lo que hago\u00bb, comenta Alejandra.<\/p>\n<\/blockquote>\n<p style=\"text-align: justify;\">Actualmente, Alejandra \u00c1lvarez sigue impulsando nuevos proyectos que, como siempre, est\u00e1n destinados a ser un \u00e9xito, consolidando a\u00fan m\u00e1s su nombre en la industria del entretenimiento en Colombia.<\/p>\n<p>Para m\u00e1s informaci\u00f3n, s\u00edguela en Instagram: @alealvarezcomunicaciones<\/p>\n<p>Fuente: Herrera Far\u00e1ndula<\/p>\n","protected":false},"excerpt":{"rendered":"<p>Bogot\u00e1, Colombia \u2013\u00a0 Alejandra \u00c1lvarez, reconocida comunicadora social y periodista, ha dejado una huella imborrable<\/p>\n","protected":false},"author":4,"featured_media":0,"comment_status":"open","ping_status":"open","sticky":false,"template":"","format":"standard","meta":{"footnotes":""},"categories":[6,16],"tags":[],"class_list":["post-22709","post","type-post","status-publish","format-standard","hentry","category-espectaculos","category-internacionales"],"_links":{"self":[{"href":"https:\/\/defrentealaverdad.com\/index.php\/wp-json\/wp\/v2\/posts\/22709","targetHints":{"allow":["GET"]}}],"collection":[{"href":"https:\/\/defrentealaverdad.com\/index.php\/wp-json\/wp\/v2\/posts"}],"about":[{"href":"https:\/\/defrentealaverdad.com\/index.php\/wp-json\/wp\/v2\/types\/post"}],"author":[{"embeddable":true,"href":"https:\/\/defrentealaverdad.com\/index.php\/wp-json\/wp\/v2\/users\/4"}],"replies":[{"embeddable":true,"href":"https:\/\/defrentealaverdad.com\/index.php\/wp-json\/wp\/v2\/comments?post=22709"}],"version-history":[{"count":1,"href":"https:\/\/defrentealaverdad.com\/index.php\/wp-json\/wp\/v2\/posts\/22709\/revisions"}],"predecessor-version":[{"id":22711,"href":"https:\/\/defrentealaverdad.com\/index.php\/wp-json\/wp\/v2\/posts\/22709\/revisions\/22711"}],"wp:attachment":[{"href":"https:\/\/defrentealaverdad.com\/index.php\/wp-json\/wp\/v2\/media?parent=22709"}],"wp:term":[{"taxonomy":"category","embeddable":true,"href":"https:\/\/defrentealaverdad.com\/index.php\/wp-json\/wp\/v2\/categories?post=22709"},{"taxonomy":"post_tag","embeddable":true,"href":"https:\/\/defrentealaverdad.com\/index.php\/wp-json\/wp\/v2\/tags?post=22709"}],"curies":[{"name":"wp","href":"https:\/\/api.w.org\/{rel}","templated":true}]}}