{"id":22613,"date":"2024-08-09T02:05:39","date_gmt":"2024-08-09T02:05:39","guid":{"rendered":"https:\/\/defrentealaverdad.com\/?p=22613"},"modified":"2024-08-10T02:07:12","modified_gmt":"2024-08-10T02:07:12","slug":"infotep-inaugura-dos-nuevos-centros-en-monte-llano-y-blanco-arriba","status":"publish","type":"post","link":"https:\/\/defrentealaverdad.com\/index.php\/2024\/08\/09\/infotep-inaugura-dos-nuevos-centros-en-monte-llano-y-blanco-arriba\/","title":{"rendered":"INFOTEP inaugura dos nuevos centros en Monte Llano y Blanco Arriba"},"content":{"rendered":"<blockquote>\n<p style=\"text-align: justify; padding-left: 40px;\"><em>La actividad estuvo encabezada por el ministro de la Presidencia, y el director general del INFOTEP<\/em><\/p>\n<\/blockquote>\n<p style=\"text-align: justify;\">HERMANAS MIRABAL. \u2013 Dos nuevos centros t\u00e9cnicos comunitarios fueron inaugurados por <img decoding=\"async\" class=\"size-medium wp-image-22614 alignleft lazyload\" data-src=\"https:\/\/defrentealaverdad.com\/wp-content\/uploads\/2024\/08\/IMG-20240809-WA0186-300x200.jpg\" alt=\"\" width=\"300\" height=\"200\" data-srcset=\"https:\/\/defrentealaverdad.com\/wp-content\/uploads\/2024\/08\/IMG-20240809-WA0186-300x200.jpg 300w, https:\/\/defrentealaverdad.com\/wp-content\/uploads\/2024\/08\/IMG-20240809-WA0186-1024x682.jpg 1024w, https:\/\/defrentealaverdad.com\/wp-content\/uploads\/2024\/08\/IMG-20240809-WA0186-768x511.jpg 768w, https:\/\/defrentealaverdad.com\/wp-content\/uploads\/2024\/08\/IMG-20240809-WA0186.jpg 1280w\" data-sizes=\"(max-width: 300px) 100vw, 300px\" src=\"data:image\/svg+xml;base64,PHN2ZyB3aWR0aD0iMSIgaGVpZ2h0PSIxIiB4bWxucz0iaHR0cDovL3d3dy53My5vcmcvMjAwMC9zdmciPjwvc3ZnPg==\" style=\"--smush-placeholder-width: 300px; --smush-placeholder-aspect-ratio: 300\/200;\" \/>el Instituto Nacional de Formaci\u00f3n T\u00e9cnico Profesional (INFOTEP), en Monte Llano y Blanco Arriba, los cuales impactar\u00e1n de manera positiva a la fuerza productiva de esas localidades, dinamizando el desarrollo socioecon\u00f3mico de la provincia Hermanas Mirabal.<\/p>\n<p style=\"text-align: justify;\">El ministro de la presidencia, Joel Santos Echavarr\u00eda, afirm\u00f3 que la apertura de estos centros, con sus programas de capacitaci\u00f3n, forman parte de las claras pol\u00edticas de inclusi\u00f3n, crecimiento y prosperidad concebidas por el presidente Luis Abinader.<\/p>\n<blockquote>\n<p style=\"text-align: justify;\">\u201cHoy, se marca un hito significativo en nuestro compromiso con la educaci\u00f3n y el desarrollo tecnol\u00f3gico en nuestra regi\u00f3n. Estos centros no solo representan un avance en infraestructura; sino, una inversi\u00f3n en el futuro de las comunidades en donde funcionar\u00e1n a partir de hoy\u201d expres\u00f3 Santos Echavarr\u00eda.<\/p>\n<\/blockquote>\n<p style=\"text-align: justify;\">El director general del INFOTEP, Rafael Santos Bad\u00eda, afirm\u00f3 que estos nuevos centros, constituyen un impacto positivo y significativo en la provincia, al mejorar la formaci\u00f3n t\u00e9cnica y profesional de los residentes, beneficiando a las empresas locales, e impulsando el emprendimiento, para el desarrollo econ\u00f3mico y social de esa regi\u00f3n.<\/p>\n<blockquote>\n<p style=\"text-align: justify;\">\u201cLas formaciones y capacitaciones que impartiremos transformar\u00e1n las vidas y las econom\u00edas de estos sectores y sus habitantes, personas que, como yo, vinieron al mundo en adversas y limitadas condiciones y que son merecedoras de todas las oportunidades de bienestar en nuestro pa\u00eds\u201d, expres\u00f3 Santos Bad\u00eda.<\/p>\n<\/blockquote>\n<p style=\"text-align: justify;\">Destac\u00f3 que las nuevas instalaciones y capacitaciones, garantizan un s\u00f3lido paso en la multiplicaci\u00f3n de las oportunidades para mejores y m\u00e1s remunerados empleos en toda la zona.<\/p>\n<p style=\"text-align: justify;\">Los nuevos centros est\u00e1n ubicados en el distrito municipal de Blanco Arriba de Tenares, y en Salcedo, en el distrito municipal de Jamao Afuera, secci\u00f3n Monte Llano. Estos nuevos centros responden a la estrategia del INFOTEP que busca llevar la formaci\u00f3n t\u00e9cnico profesional a donde vive la gente.<\/p>\n<blockquote><p>\u201cLas capacitaciones garantizan un s\u00f3lido paso en la multiplicaci\u00f3n de las oportunidades para mejores y m\u00e1s remunerados empleos\u201d, RSB.<\/p><\/blockquote>\n<p style=\"text-align: justify;\">Con estas dos nuevas instalaciones, el INFOTEP amplia la cantidad de centros de formaci\u00f3n a nivel nacional, llegando a impactar a los dominicanos en cualquier parte del pa\u00eds que se encuentren.<\/p>\n<p style=\"text-align: justify;\"><strong>Oferta Formativa<\/strong><\/p>\n<p><img decoding=\"async\" class=\"size-medium wp-image-22615 aligncenter lazyload\" data-src=\"https:\/\/defrentealaverdad.com\/wp-content\/uploads\/2024\/08\/IMG-20240809-WA0187-300x165.jpg\" alt=\"\" width=\"300\" height=\"165\" data-srcset=\"https:\/\/defrentealaverdad.com\/wp-content\/uploads\/2024\/08\/IMG-20240809-WA0187-300x165.jpg 300w, https:\/\/defrentealaverdad.com\/wp-content\/uploads\/2024\/08\/IMG-20240809-WA0187-1024x563.jpg 1024w, https:\/\/defrentealaverdad.com\/wp-content\/uploads\/2024\/08\/IMG-20240809-WA0187-768x422.jpg 768w, https:\/\/defrentealaverdad.com\/wp-content\/uploads\/2024\/08\/IMG-20240809-WA0187.jpg 1280w\" data-sizes=\"(max-width: 300px) 100vw, 300px\" src=\"data:image\/svg+xml;base64,PHN2ZyB3aWR0aD0iMSIgaGVpZ2h0PSIxIiB4bWxucz0iaHR0cDovL3d3dy53My5vcmcvMjAwMC9zdmciPjwvc3ZnPg==\" style=\"--smush-placeholder-width: 300px; --smush-placeholder-aspect-ratio: 300\/165;\" \/><\/p>\n<p style=\"text-align: justify;\">En el Centro T\u00e9cnico Comunitario del municipio de Tenares, el INFOTEP estar\u00e1 impartiendo capacitaciones en las \u00e1reas de Inform\u00e1tica, Contabilidad, Secretariado, Idiomas Y Bisuter\u00eda.<\/p>\n<p style=\"text-align: justify;\">Mientras, en el Centro T\u00e9cnico Comunitario de Salcedo, estar\u00e1n disponibles capacitaciones en el \u00e1rea de Gastronom\u00eda, Pasteler\u00eda y reposter\u00eda, Contabilidad, Secretariado, Idiomas, Bisuter\u00eda, y Maquillaje.<\/p>\n<p><strong>Acciones del INFOTEP en la provincia<\/strong><\/p>\n<p style=\"text-align: justify;\">Los Centros T\u00e9cnicos Comunitarios, Rancho Arriba y Montellano, son la continuaci\u00f3n y expansi\u00f3n de la presencia del INFOTEP en la provincia, que ya cuenta con un moderno Centro Tecnol\u00f3gico especializado en turismo y hoteler\u00eda, con m\u00e1s de 20 programas de capacitaci\u00f3n.<\/p>\n<p style=\"text-align: justify;\">El centro ubicado en un gran complejo de ense\u00f1anza-aprendizaje, servicio, investigaci\u00f3n y desarrollo, construido en un terreno de 11,881 metros cuadrados consta de talleres de bar, restaurantes, recepci\u00f3n y alojamiento, hidropon\u00eda, gastronom\u00eda, panader\u00eda y reposter\u00eda y gu\u00eda tur\u00edstico, ingl\u00e9s, contabilidad, ventas y talleres m\u00f3viles de plomer\u00eda, refrigeraci\u00f3n e inform\u00e1tica.<\/p>\n<p style=\"text-align: justify;\">En la actualidad el Centro tiene una apertura de 14 Acciones Formativas que beneficia a m\u00e1s de 300 participantes con una totalidad de 7,235 horas Instrucci\u00f3n.<\/p>\n<p style=\"text-align: justify;\">En el per\u00edodo 2022-2024, 42 empresas e instituciones de la provincia Hermanas Mirabal han sido impactadas con los servicios de asesor\u00eda y capacitaci\u00f3n del INFOTEP, impartiendo 243 acciones formativas a 3,972 participantes.<\/p>\n<p>Fuente: Prensa INFOTEP<\/p>\n","protected":false},"excerpt":{"rendered":"<p>La actividad estuvo encabezada por el ministro de la Presidencia, y el director general del<\/p>\n","protected":false},"author":2,"featured_media":0,"comment_status":"open","ping_status":"open","sticky":false,"template":"","format":"standard","meta":{"footnotes":""},"categories":[7],"tags":[],"class_list":["post-22613","post","type-post","status-publish","format-standard","hentry","category-nacionales"],"_links":{"self":[{"href":"https:\/\/defrentealaverdad.com\/index.php\/wp-json\/wp\/v2\/posts\/22613","targetHints":{"allow":["GET"]}}],"collection":[{"href":"https:\/\/defrentealaverdad.com\/index.php\/wp-json\/wp\/v2\/posts"}],"about":[{"href":"https:\/\/defrentealaverdad.com\/index.php\/wp-json\/wp\/v2\/types\/post"}],"author":[{"embeddable":true,"href":"https:\/\/defrentealaverdad.com\/index.php\/wp-json\/wp\/v2\/users\/2"}],"replies":[{"embeddable":true,"href":"https:\/\/defrentealaverdad.com\/index.php\/wp-json\/wp\/v2\/comments?post=22613"}],"version-history":[{"count":1,"href":"https:\/\/defrentealaverdad.com\/index.php\/wp-json\/wp\/v2\/posts\/22613\/revisions"}],"predecessor-version":[{"id":22617,"href":"https:\/\/defrentealaverdad.com\/index.php\/wp-json\/wp\/v2\/posts\/22613\/revisions\/22617"}],"wp:attachment":[{"href":"https:\/\/defrentealaverdad.com\/index.php\/wp-json\/wp\/v2\/media?parent=22613"}],"wp:term":[{"taxonomy":"category","embeddable":true,"href":"https:\/\/defrentealaverdad.com\/index.php\/wp-json\/wp\/v2\/categories?post=22613"},{"taxonomy":"post_tag","embeddable":true,"href":"https:\/\/defrentealaverdad.com\/index.php\/wp-json\/wp\/v2\/tags?post=22613"}],"curies":[{"name":"wp","href":"https:\/\/api.w.org\/{rel}","templated":true}]}}