{"id":22599,"date":"2024-08-09T01:42:01","date_gmt":"2024-08-09T01:42:01","guid":{"rendered":"https:\/\/defrentealaverdad.com\/?p=22599"},"modified":"2024-08-10T01:46:56","modified_gmt":"2024-08-10T01:46:56","slug":"adn-agradece-apoyo-estrategico-del-banco-popular-y-propagas-como-aliados-en-realizacion-de-plasticos-por-escolares","status":"publish","type":"post","link":"https:\/\/defrentealaverdad.com\/index.php\/2024\/08\/09\/adn-agradece-apoyo-estrategico-del-banco-popular-y-propagas-como-aliados-en-realizacion-de-plasticos-por-escolares\/","title":{"rendered":"ADN agradece apoyo estrat\u00e9gico del Banco Popular y Propagas como aliados en realizaci\u00f3n de Pl\u00e1sticos por Escolares"},"content":{"rendered":"<blockquote>\n<p style=\"text-align: justify;\"><em>Pl\u00e1sticos por Escolares se realizar\u00e1 el domingo 11 de agosto en el Palacio Municipal<\/em><\/p>\n<\/blockquote>\n<p style=\"text-align: justify;\">Santo Domingo, DN &#8211; La Alcald\u00eda del Distrito Nacional agradeci\u00f3 el apoyo del Banco Popular y Propagas como aliados estrat\u00e9gicos en la realizaci\u00f3n de la primera edici\u00f3n de Pl\u00e1sticos por Escolares.<\/p>\n<p><img decoding=\"async\" class=\"size-medium wp-image-22600 alignleft lazyload\" data-src=\"https:\/\/defrentealaverdad.com\/wp-content\/uploads\/2024\/08\/IMG-20240809-WA0069-200x300.jpg\" alt=\"\" width=\"200\" height=\"300\" data-srcset=\"https:\/\/defrentealaverdad.com\/wp-content\/uploads\/2024\/08\/IMG-20240809-WA0069-200x300.jpg 200w, https:\/\/defrentealaverdad.com\/wp-content\/uploads\/2024\/08\/IMG-20240809-WA0069-682x1024.jpg 682w, https:\/\/defrentealaverdad.com\/wp-content\/uploads\/2024\/08\/IMG-20240809-WA0069-768x1153.jpg 768w, https:\/\/defrentealaverdad.com\/wp-content\/uploads\/2024\/08\/IMG-20240809-WA0069-1023x1536.jpg 1023w, https:\/\/defrentealaverdad.com\/wp-content\/uploads\/2024\/08\/IMG-20240809-WA0069.jpg 1066w\" data-sizes=\"(max-width: 200px) 100vw, 200px\" src=\"data:image\/svg+xml;base64,PHN2ZyB3aWR0aD0iMSIgaGVpZ2h0PSIxIiB4bWxucz0iaHR0cDovL3d3dy53My5vcmcvMjAwMC9zdmciPjwvc3ZnPg==\" style=\"--smush-placeholder-width: 200px; --smush-placeholder-aspect-ratio: 200\/300;\" \/><\/p>\n<p style=\"text-align: justify;\">El cabildo valora tambi\u00e9n el patrocinio de Fundaci\u00f3n Propagas, Caf\u00e9 Santo Domingo, Mej\u00eda Arcal\u00e1, Dominicana de Seguros, Create, Farmacias GBC, McDonald\u00b4s, Porsche, Hilos de Amor, Direcci\u00f3n General de Aduanas, Cecomsa, Coca Cola, Bepensa, Uepa Tickets, Bic, Mapfre y Carrefour.<\/p>\n<p style=\"text-align: justify;\">El apoyo recibido una vez m\u00e1s es una muestra de la gran acogida que tiene la alcaldesa Carolina Mej\u00eda convocando el respaldo del empresariado.<\/p>\n<p style=\"text-align: justify;\">En ese sentido, Carolina ha caracterizado sus m\u00e1s de cuatro a\u00f1os de gesti\u00f3n municipal por lograr una alianza estrat\u00e9gica con los empresarios para concretizar obras en bien de la ciudadan\u00eda.<\/p>\n<p style=\"text-align: justify;\">El pr\u00f3ximo domingo 11 de agosto ser\u00e1 llevado a cabo Pl\u00e1sticos por Escolares en el Palacio Municipal, donde hasta agotar existencia los asistentes podr\u00e1n adquirir una mochila con \u00fatiles y una tableta por 500 botellitas pl\u00e1sticas. Mientras que una mochila llena de \u00fatiles podr\u00e1 ser canjeada por 300 botellitas. Ambas opciones van acompa\u00f1adas por un termo que mantiene la temperatura, con la finalidad de reducir el uso de las botellitas pl\u00e1sticas.<\/p>\n<p style=\"text-align: justify;\">El cabildo precis\u00f3 que las edades comprendidas para recibir los \u00fatiles ser\u00e1n de 5 a 18 a\u00f1os. Asimismo, se entregar\u00e1n hasta dos mochilas por cada c\u00e9dula del tutor residente en la capital.<\/p>\n<p style=\"text-align: justify;\">Pl\u00e1sticos por \u00datiles Escolares, como extensi\u00f3n del exitoso Pl\u00e1sticos por Juguetes, busca educar a los m\u00e1s peque\u00f1os de forma divertida sobre el reciclaje.<\/p>\n<p>Fuente: Prensa ADN<\/p>\n","protected":false},"excerpt":{"rendered":"<p>Pl\u00e1sticos por Escolares se realizar\u00e1 el domingo 11 de agosto en el Palacio Municipal Santo<\/p>\n","protected":false},"author":4,"featured_media":0,"comment_status":"open","ping_status":"open","sticky":false,"template":"","format":"standard","meta":{"footnotes":""},"categories":[7],"tags":[],"class_list":["post-22599","post","type-post","status-publish","format-standard","hentry","category-nacionales"],"_links":{"self":[{"href":"https:\/\/defrentealaverdad.com\/index.php\/wp-json\/wp\/v2\/posts\/22599","targetHints":{"allow":["GET"]}}],"collection":[{"href":"https:\/\/defrentealaverdad.com\/index.php\/wp-json\/wp\/v2\/posts"}],"about":[{"href":"https:\/\/defrentealaverdad.com\/index.php\/wp-json\/wp\/v2\/types\/post"}],"author":[{"embeddable":true,"href":"https:\/\/defrentealaverdad.com\/index.php\/wp-json\/wp\/v2\/users\/4"}],"replies":[{"embeddable":true,"href":"https:\/\/defrentealaverdad.com\/index.php\/wp-json\/wp\/v2\/comments?post=22599"}],"version-history":[{"count":1,"href":"https:\/\/defrentealaverdad.com\/index.php\/wp-json\/wp\/v2\/posts\/22599\/revisions"}],"predecessor-version":[{"id":22601,"href":"https:\/\/defrentealaverdad.com\/index.php\/wp-json\/wp\/v2\/posts\/22599\/revisions\/22601"}],"wp:attachment":[{"href":"https:\/\/defrentealaverdad.com\/index.php\/wp-json\/wp\/v2\/media?parent=22599"}],"wp:term":[{"taxonomy":"category","embeddable":true,"href":"https:\/\/defrentealaverdad.com\/index.php\/wp-json\/wp\/v2\/categories?post=22599"},{"taxonomy":"post_tag","embeddable":true,"href":"https:\/\/defrentealaverdad.com\/index.php\/wp-json\/wp\/v2\/tags?post=22599"}],"curies":[{"name":"wp","href":"https:\/\/api.w.org\/{rel}","templated":true}]}}