{"id":2259,"date":"2022-11-28T13:48:57","date_gmt":"2022-11-28T13:48:57","guid":{"rendered":"https:\/\/defrentealaverdad.com\/?p=2259"},"modified":"2022-11-30T13:50:32","modified_gmt":"2022-11-30T13:50:32","slug":"eterea-models-rd-celebra-la-2da-edicion-del-eterea-fashion-show","status":"publish","type":"post","link":"https:\/\/defrentealaverdad.com\/index.php\/2022\/11\/28\/eterea-models-rd-celebra-la-2da-edicion-del-eterea-fashion-show\/","title":{"rendered":"Et\u00e9rea Models RD, celebra la 2da edici\u00f3n del \u201cEt\u00e9rea Fashion Show\u201d"},"content":{"rendered":"<p><img decoding=\"async\" class=\"alignnone size-medium wp-image-2260 aligncenter lazyload\" data-src=\"https:\/\/defrentealaverdad.com\/wp-content\/uploads\/2022\/11\/be302b10-dc22-4bf4-8fb4-6327f9b33282-200x300.jpg\" alt=\"\" width=\"200\" height=\"300\" data-srcset=\"https:\/\/defrentealaverdad.com\/wp-content\/uploads\/2022\/11\/be302b10-dc22-4bf4-8fb4-6327f9b33282-200x300.jpg 200w, https:\/\/defrentealaverdad.com\/wp-content\/uploads\/2022\/11\/be302b10-dc22-4bf4-8fb4-6327f9b33282-683x1024.jpg 683w, https:\/\/defrentealaverdad.com\/wp-content\/uploads\/2022\/11\/be302b10-dc22-4bf4-8fb4-6327f9b33282-768x1152.jpg 768w, https:\/\/defrentealaverdad.com\/wp-content\/uploads\/2022\/11\/be302b10-dc22-4bf4-8fb4-6327f9b33282-1024x1536.jpg 1024w, https:\/\/defrentealaverdad.com\/wp-content\/uploads\/2022\/11\/be302b10-dc22-4bf4-8fb4-6327f9b33282.jpg 1067w\" data-sizes=\"(max-width: 200px) 100vw, 200px\" src=\"data:image\/svg+xml;base64,PHN2ZyB3aWR0aD0iMSIgaGVpZ2h0PSIxIiB4bWxucz0iaHR0cDovL3d3dy53My5vcmcvMjAwMC9zdmciPjwvc3ZnPg==\" style=\"--smush-placeholder-width: 200px; --smush-placeholder-aspect-ratio: 200\/300;\" \/><\/p>\n<p style=\"text-align: justify;\">En una gala llena de magia, talento y color la agencia de moda<em><strong> \u201cEt\u00e9rea Model RD\u201d<\/strong> <\/em>celebr\u00f3 la 2da edici\u00f3n Et\u00e9rea Fashion Show, donde se presentaron m\u00e1s de una decena de dise\u00f1adores y marcas reconocidas, dando al gran cierre al evento la colecci\u00f3n Tribu de la destacada dise\u00f1adora Giannina Azar.<\/p>\n<p style=\"text-align: justify;\">Tambi\u00e9n engalanaron las pasarelas colecciones de Joe Alarcon, David Atelier, Pathery Girls, Valiguetto, Meraly Salda\u00f1a, Karoche RD, Steph Desings, Lina Cuevas, Naguscy, Marime Mesa, Ana Isabella Ulloa, Lemon Fashion, SEV by Abigail, Novias Curvy, Glorivy Cailly, Benito Antonio y otros afamados referentes del mundo de la moda local e internacional<\/p>\n<p style=\"text-align: justify;\">Eterea Models RD sigue afirmando su compromiso con la moda inclusiva en nuestro pa\u00eds, brindando la oportunidad de presentarse m\u00e1s de 70 modelos, bajo la propuesta de <strong><em>\u201cmoda diversa y sin l\u00edmites\u201d<\/em><\/strong>, una visi\u00f3n impulsada por su directora Helen Jimenez, una de las primeras modelos de talla Plus en pisar pasarelas como es el RD Fashion Week y Punta Cana Merengue Fashion Week.<\/p>\n<p style=\"text-align: justify;\">Al cierre de la pasarela, Jimenez invit\u00f3 a los presentes especialmente a los talentos participantes a creer en sus sue\u00f1os y confiar en sus talentos para alcanzar sus metas y sue\u00f1os.<\/p>\n<p><img decoding=\"async\" class=\"alignnone size-medium wp-image-2261 aligncenter lazyload\" data-src=\"https:\/\/defrentealaverdad.com\/wp-content\/uploads\/2022\/11\/3e0958a3-7d17-4863-b5b9-5387a624cf11-200x300.jpg\" alt=\"\" width=\"200\" height=\"300\" data-srcset=\"https:\/\/defrentealaverdad.com\/wp-content\/uploads\/2022\/11\/3e0958a3-7d17-4863-b5b9-5387a624cf11-200x300.jpg 200w, https:\/\/defrentealaverdad.com\/wp-content\/uploads\/2022\/11\/3e0958a3-7d17-4863-b5b9-5387a624cf11-683x1024.jpg 683w, https:\/\/defrentealaverdad.com\/wp-content\/uploads\/2022\/11\/3e0958a3-7d17-4863-b5b9-5387a624cf11-768x1152.jpg 768w, https:\/\/defrentealaverdad.com\/wp-content\/uploads\/2022\/11\/3e0958a3-7d17-4863-b5b9-5387a624cf11-1024x1536.jpg 1024w, https:\/\/defrentealaverdad.com\/wp-content\/uploads\/2022\/11\/3e0958a3-7d17-4863-b5b9-5387a624cf11.jpg 1067w\" data-sizes=\"(max-width: 200px) 100vw, 200px\" src=\"data:image\/svg+xml;base64,PHN2ZyB3aWR0aD0iMSIgaGVpZ2h0PSIxIiB4bWxucz0iaHR0cDovL3d3dy53My5vcmcvMjAwMC9zdmciPjwvc3ZnPg==\" style=\"--smush-placeholder-width: 200px; --smush-placeholder-aspect-ratio: 200\/300;\" \/><\/p>\n<p style=\"text-align: justify;\"><strong>Sobre \u00c9terea Models RD<\/strong><\/p>\n<p style=\"text-align: justify;\">Es una nueva plataforma de moda inclusiva promovida por la Lic. Helen Jimenez, una de las primeras modelos de Talla Plus en pisar importantes pasarelas en RD.<\/p>\n<p style=\"text-align: justify;\">Et\u00e9rea promueve la moda inclusiva, sin limites y sin fronteras desde los distintos cert\u00e1menes y galas que organiza y gestiona en nuestro pa\u00eds.<\/p>\n<p>&nbsp;<\/p>\n<p style=\"text-align: justify;\">Fuente: Comunicaciones Et\u00e9rea Models RD<\/p>\n","protected":false},"excerpt":{"rendered":"<p>En una gala llena de magia, talento y color la agencia de moda \u201cEt\u00e9rea Model<\/p>\n","protected":false},"author":2,"featured_media":0,"comment_status":"open","ping_status":"open","sticky":false,"template":"","format":"standard","meta":{"footnotes":""},"categories":[7,13],"tags":[],"class_list":["post-2259","post","type-post","status-publish","format-standard","hentry","category-nacionales","category-sociales"],"_links":{"self":[{"href":"https:\/\/defrentealaverdad.com\/index.php\/wp-json\/wp\/v2\/posts\/2259","targetHints":{"allow":["GET"]}}],"collection":[{"href":"https:\/\/defrentealaverdad.com\/index.php\/wp-json\/wp\/v2\/posts"}],"about":[{"href":"https:\/\/defrentealaverdad.com\/index.php\/wp-json\/wp\/v2\/types\/post"}],"author":[{"embeddable":true,"href":"https:\/\/defrentealaverdad.com\/index.php\/wp-json\/wp\/v2\/users\/2"}],"replies":[{"embeddable":true,"href":"https:\/\/defrentealaverdad.com\/index.php\/wp-json\/wp\/v2\/comments?post=2259"}],"version-history":[{"count":1,"href":"https:\/\/defrentealaverdad.com\/index.php\/wp-json\/wp\/v2\/posts\/2259\/revisions"}],"predecessor-version":[{"id":2262,"href":"https:\/\/defrentealaverdad.com\/index.php\/wp-json\/wp\/v2\/posts\/2259\/revisions\/2262"}],"wp:attachment":[{"href":"https:\/\/defrentealaverdad.com\/index.php\/wp-json\/wp\/v2\/media?parent=2259"}],"wp:term":[{"taxonomy":"category","embeddable":true,"href":"https:\/\/defrentealaverdad.com\/index.php\/wp-json\/wp\/v2\/categories?post=2259"},{"taxonomy":"post_tag","embeddable":true,"href":"https:\/\/defrentealaverdad.com\/index.php\/wp-json\/wp\/v2\/tags?post=2259"}],"curies":[{"name":"wp","href":"https:\/\/api.w.org\/{rel}","templated":true}]}}