{"id":22458,"date":"2024-08-06T17:17:37","date_gmt":"2024-08-06T17:17:37","guid":{"rendered":"https:\/\/defrentealaverdad.com\/?p=22458"},"modified":"2024-08-07T17:21:37","modified_gmt":"2024-08-07T17:21:37","slug":"caribbean-chess-academy-concluye-exitosamente-su-taller-de-capacitacion-programa-internacional-ajedrez-en-el-aula","status":"publish","type":"post","link":"https:\/\/defrentealaverdad.com\/index.php\/2024\/08\/06\/caribbean-chess-academy-concluye-exitosamente-su-taller-de-capacitacion-programa-internacional-ajedrez-en-el-aula\/","title":{"rendered":"Caribbean Chess Academy concluye exitosamente su taller de capacitaci\u00f3n: Programa Internacional Ajedrez en el Aula"},"content":{"rendered":"<p><img decoding=\"async\" class=\"size-medium wp-image-22462 aligncenter lazyload\" data-src=\"https:\/\/defrentealaverdad.com\/wp-content\/uploads\/2024\/08\/IMG-20240806-WA0115-1-300x225.jpg\" alt=\"\" width=\"300\" height=\"225\" data-srcset=\"https:\/\/defrentealaverdad.com\/wp-content\/uploads\/2024\/08\/IMG-20240806-WA0115-1-300x225.jpg 300w, https:\/\/defrentealaverdad.com\/wp-content\/uploads\/2024\/08\/IMG-20240806-WA0115-1-1024x768.jpg 1024w, https:\/\/defrentealaverdad.com\/wp-content\/uploads\/2024\/08\/IMG-20240806-WA0115-1-768x576.jpg 768w, https:\/\/defrentealaverdad.com\/wp-content\/uploads\/2024\/08\/IMG-20240806-WA0115-1-1536x1152.jpg 1536w, https:\/\/defrentealaverdad.com\/wp-content\/uploads\/2024\/08\/IMG-20240806-WA0115-1-2048x1536.jpg 2048w, https:\/\/defrentealaverdad.com\/wp-content\/uploads\/2024\/08\/IMG-20240806-WA0115-1-720x540.jpg 720w\" data-sizes=\"(max-width: 300px) 100vw, 300px\" src=\"data:image\/svg+xml;base64,PHN2ZyB3aWR0aD0iMSIgaGVpZ2h0PSIxIiB4bWxucz0iaHR0cDovL3d3dy53My5vcmcvMjAwMC9zdmciPjwvc3ZnPg==\" style=\"--smush-placeholder-width: 300px; --smush-placeholder-aspect-ratio: 300\/225;\" \/><\/p>\n<p style=\"text-align: justify;\">Punta Cana, Rep\u00fablica Dominicana \u2013 Caribbean Chess Academy ha finalizado con gran \u00e9xito su taller de capacitaci\u00f3n, parte del Programa Internacional Ajedrez en el Aula. Este evento, que tuvo lugar el martes 6 de agosto de 9:30 a.m. a 4:30 p.m. en el prestigioso Barcel\u00f3 Deluxe Punta Cana, cont\u00f3 con la destacada participaci\u00f3n de la Maestra Internacional Adriana Salazar.<\/p>\n<p style=\"text-align: justify;\">El taller reuni\u00f3 a una diversidad de participantes interesados en incorporar el ajedrez como herramienta educativa en las aulas. La Maestra Internacional Adriana Salazar, reconocida por su vasta experiencia y logros en el ajedrez, lider\u00f3 las sesiones de capacitaci\u00f3n, ofreciendo valiosos conocimientos y estrategias para la ense\u00f1anza del ajedrez a nivel escolar.<\/p>\n<p><img decoding=\"async\" class=\"size-medium wp-image-22461 aligncenter lazyload\" data-src=\"https:\/\/defrentealaverdad.com\/wp-content\/uploads\/2024\/08\/IMG-20240806-WA0117-1-300x225.jpg\" alt=\"\" width=\"300\" height=\"225\" data-srcset=\"https:\/\/defrentealaverdad.com\/wp-content\/uploads\/2024\/08\/IMG-20240806-WA0117-1-300x225.jpg 300w, https:\/\/defrentealaverdad.com\/wp-content\/uploads\/2024\/08\/IMG-20240806-WA0117-1-1024x768.jpg 1024w, https:\/\/defrentealaverdad.com\/wp-content\/uploads\/2024\/08\/IMG-20240806-WA0117-1-768x576.jpg 768w, https:\/\/defrentealaverdad.com\/wp-content\/uploads\/2024\/08\/IMG-20240806-WA0117-1-1536x1152.jpg 1536w, https:\/\/defrentealaverdad.com\/wp-content\/uploads\/2024\/08\/IMG-20240806-WA0117-1-2048x1536.jpg 2048w, https:\/\/defrentealaverdad.com\/wp-content\/uploads\/2024\/08\/IMG-20240806-WA0117-1-720x540.jpg 720w\" data-sizes=\"(max-width: 300px) 100vw, 300px\" src=\"data:image\/svg+xml;base64,PHN2ZyB3aWR0aD0iMSIgaGVpZ2h0PSIxIiB4bWxucz0iaHR0cDovL3d3dy53My5vcmcvMjAwMC9zdmciPjwvc3ZnPg==\" style=\"--smush-placeholder-width: 300px; --smush-placeholder-aspect-ratio: 300\/225;\" \/><\/p>\n<p>Este evento fue organizado en colaboraci\u00f3n con el Ministerio de Educaci\u00f3n y el Gregor Chess Club, quienes unieron esfuerzos para promover el ajedrez como una disciplina que contribuye al desarrollo cognitivo y emocional de los estudiantes. La iniciativa busca integrar el ajedrez en el curr\u00edculo escolar, fomentando habilidades como la concentraci\u00f3n, la planificaci\u00f3n y la toma de decisiones.<\/p>\n<p style=\"text-align: justify;\">Durante el taller, los asistentes participaron en diversas actividades y talleres pr\u00e1cticos, dise\u00f1ados para mejorar sus habilidades tanto en el juego como en la ense\u00f1anza del ajedrez. Adem\u00e1s, se llevaron a cabo mesas redondas y sesiones de networking, permitiendo a los participantes compartir experiencias y establecer conexiones con otros educadores y entusiastas del ajedrez.<\/p>\n<p style=\"text-align: justify;\">La culminaci\u00f3n del taller fue marcada por una ceremonia de clausura, donde se reconoci\u00f3 el esfuerzo y la dedicaci\u00f3n de todos los participantes y organizadores. Caribbean Chess Academy agradece a todos los involucrados por su apoyo y compromiso con esta iniciativa, y espera seguir promoviendo el ajedrez como una herramienta educativa esencial en la regi\u00f3n.<\/p>\n<p>&nbsp;<\/p>\n<p>Fuente: Caribbean Chess Academy<\/p>\n","protected":false},"excerpt":{"rendered":"<p>Punta Cana, Rep\u00fablica Dominicana \u2013 Caribbean Chess Academy ha finalizado con gran \u00e9xito su taller<\/p>\n","protected":false},"author":2,"featured_media":0,"comment_status":"open","ping_status":"open","sticky":false,"template":"","format":"standard","meta":{"footnotes":""},"categories":[7],"tags":[],"class_list":["post-22458","post","type-post","status-publish","format-standard","hentry","category-nacionales"],"_links":{"self":[{"href":"https:\/\/defrentealaverdad.com\/index.php\/wp-json\/wp\/v2\/posts\/22458","targetHints":{"allow":["GET"]}}],"collection":[{"href":"https:\/\/defrentealaverdad.com\/index.php\/wp-json\/wp\/v2\/posts"}],"about":[{"href":"https:\/\/defrentealaverdad.com\/index.php\/wp-json\/wp\/v2\/types\/post"}],"author":[{"embeddable":true,"href":"https:\/\/defrentealaverdad.com\/index.php\/wp-json\/wp\/v2\/users\/2"}],"replies":[{"embeddable":true,"href":"https:\/\/defrentealaverdad.com\/index.php\/wp-json\/wp\/v2\/comments?post=22458"}],"version-history":[{"count":3,"href":"https:\/\/defrentealaverdad.com\/index.php\/wp-json\/wp\/v2\/posts\/22458\/revisions"}],"predecessor-version":[{"id":22463,"href":"https:\/\/defrentealaverdad.com\/index.php\/wp-json\/wp\/v2\/posts\/22458\/revisions\/22463"}],"wp:attachment":[{"href":"https:\/\/defrentealaverdad.com\/index.php\/wp-json\/wp\/v2\/media?parent=22458"}],"wp:term":[{"taxonomy":"category","embeddable":true,"href":"https:\/\/defrentealaverdad.com\/index.php\/wp-json\/wp\/v2\/categories?post=22458"},{"taxonomy":"post_tag","embeddable":true,"href":"https:\/\/defrentealaverdad.com\/index.php\/wp-json\/wp\/v2\/tags?post=22458"}],"curies":[{"name":"wp","href":"https:\/\/api.w.org\/{rel}","templated":true}]}}