{"id":22364,"date":"2024-08-05T01:52:59","date_gmt":"2024-08-05T01:52:59","guid":{"rendered":"https:\/\/defrentealaverdad.com\/?p=22364"},"modified":"2024-08-06T01:54:33","modified_gmt":"2024-08-06T01:54:33","slug":"docente-es-asesinado-brutalmente-a-machetazos-en-sabana-perdida","status":"publish","type":"post","link":"https:\/\/defrentealaverdad.com\/index.php\/2024\/08\/05\/docente-es-asesinado-brutalmente-a-machetazos-en-sabana-perdida\/","title":{"rendered":"Docente es asesinado brutalmente a machetazos en Sabana Perdida"},"content":{"rendered":"<blockquote>\n<p style=\"text-align: justify;\">El detenido por el caso, del cual se desconoce a\u00fan su identidad, dijo que lo mat\u00f3 porque \u201cle ca\u00eda mal\u201d.<\/p>\n<\/blockquote>\n<p style=\"text-align: justify;\">Sabana Perdida, Santo Domingo Norte.- Un maestro de camino a sus labores como docente fue asesinado a machetazos por un vecino. La noticia ha consternado a la comunidad de Sabana Perdida.<\/p>\n<p><img decoding=\"async\" class=\"size-medium wp-image-22365 aligncenter lazyload\" data-src=\"https:\/\/defrentealaverdad.com\/wp-content\/uploads\/2024\/08\/IMG-20240805-WA0178-300x169.jpg\" alt=\"\" width=\"300\" height=\"169\" data-srcset=\"https:\/\/defrentealaverdad.com\/wp-content\/uploads\/2024\/08\/IMG-20240805-WA0178-300x169.jpg 300w, https:\/\/defrentealaverdad.com\/wp-content\/uploads\/2024\/08\/IMG-20240805-WA0178-1024x576.jpg 1024w, https:\/\/defrentealaverdad.com\/wp-content\/uploads\/2024\/08\/IMG-20240805-WA0178-768x432.jpg 768w, https:\/\/defrentealaverdad.com\/wp-content\/uploads\/2024\/08\/IMG-20240805-WA0178-1536x864.jpg 1536w, https:\/\/defrentealaverdad.com\/wp-content\/uploads\/2024\/08\/IMG-20240805-WA0178-800x450.jpg 800w, https:\/\/defrentealaverdad.com\/wp-content\/uploads\/2024\/08\/IMG-20240805-WA0178.jpg 1600w\" data-sizes=\"(max-width: 300px) 100vw, 300px\" src=\"data:image\/svg+xml;base64,PHN2ZyB3aWR0aD0iMSIgaGVpZ2h0PSIxIiB4bWxucz0iaHR0cDovL3d3dy53My5vcmcvMjAwMC9zdmciPjwvc3ZnPg==\" style=\"--smush-placeholder-width: 300px; --smush-placeholder-aspect-ratio: 300\/169;\" \/><\/p>\n<p style=\"text-align: justify;\">Fuentes indican que la muerte del maestro se produjo por manos de un delincuente, cuando la v\u00edctima se dirig\u00eda a sus labores educativas.<\/p>\n<p style=\"text-align: justify;\">La v\u00edctima respond\u00eda al nombre de Juan Solano quien se dedic\u00f3 la mayor parte de su vida a ense\u00f1ar con vocaci\u00f3n de servicio, educando a varias generaciones de j\u00f3venes del liceo hoy polit\u00e9cnico Enma Balaguer de Vallejo y otros centros educativos.<\/p>\n<p style=\"text-align: justify;\">El profesor Juan Bautista Brito de la Asociaci\u00f3n Dominicana de Profesores (ADP), de Santo Domingo Norte, se refiri\u00f3 a trav\u00e9s de un video que espera que las autoridades cumplan con su deber y que pague el culpable del asesinato del educador. Hacen un llamado al presidente Luis Abinader por el sufrimiento de la ciudadan\u00eda.<\/p>\n<p style=\"text-align: justify;\">Hoy todos los docentes de Santo Domingo Norte se encuentran en duelo por motivo de la muerte a machetazos de nuestro compa\u00f1ero, hermano y amigo Juan; maestro de mil batallas Juan.<\/p>\n<blockquote><p>La noticia est\u00e1 en desarrollo\u2026<\/p><\/blockquote>\n<p>Fuente:Brita Feliz<\/p>\n","protected":false},"excerpt":{"rendered":"<p>El detenido por el caso, del cual se desconoce a\u00fan su identidad, dijo que lo<\/p>\n","protected":false},"author":1,"featured_media":0,"comment_status":"open","ping_status":"open","sticky":false,"template":"","format":"standard","meta":{"footnotes":""},"categories":[7],"tags":[],"class_list":["post-22364","post","type-post","status-publish","format-standard","hentry","category-nacionales"],"_links":{"self":[{"href":"https:\/\/defrentealaverdad.com\/index.php\/wp-json\/wp\/v2\/posts\/22364","targetHints":{"allow":["GET"]}}],"collection":[{"href":"https:\/\/defrentealaverdad.com\/index.php\/wp-json\/wp\/v2\/posts"}],"about":[{"href":"https:\/\/defrentealaverdad.com\/index.php\/wp-json\/wp\/v2\/types\/post"}],"author":[{"embeddable":true,"href":"https:\/\/defrentealaverdad.com\/index.php\/wp-json\/wp\/v2\/users\/1"}],"replies":[{"embeddable":true,"href":"https:\/\/defrentealaverdad.com\/index.php\/wp-json\/wp\/v2\/comments?post=22364"}],"version-history":[{"count":1,"href":"https:\/\/defrentealaverdad.com\/index.php\/wp-json\/wp\/v2\/posts\/22364\/revisions"}],"predecessor-version":[{"id":22366,"href":"https:\/\/defrentealaverdad.com\/index.php\/wp-json\/wp\/v2\/posts\/22364\/revisions\/22366"}],"wp:attachment":[{"href":"https:\/\/defrentealaverdad.com\/index.php\/wp-json\/wp\/v2\/media?parent=22364"}],"wp:term":[{"taxonomy":"category","embeddable":true,"href":"https:\/\/defrentealaverdad.com\/index.php\/wp-json\/wp\/v2\/categories?post=22364"},{"taxonomy":"post_tag","embeddable":true,"href":"https:\/\/defrentealaverdad.com\/index.php\/wp-json\/wp\/v2\/tags?post=22364"}],"curies":[{"name":"wp","href":"https:\/\/api.w.org\/{rel}","templated":true}]}}