{"id":22359,"date":"2024-08-05T01:49:16","date_gmt":"2024-08-05T01:49:16","guid":{"rendered":"https:\/\/defrentealaverdad.com\/?p=22359"},"modified":"2024-08-06T01:52:15","modified_gmt":"2024-08-06T01:52:15","slug":"bacilos-y-su-gira-mundial-pequenos-romances-tour-llega-a-santo-domingo","status":"publish","type":"post","link":"https:\/\/defrentealaverdad.com\/index.php\/2024\/08\/05\/bacilos-y-su-gira-mundial-pequenos-romances-tour-llega-a-santo-domingo\/","title":{"rendered":"Bacilos y su gira mundial \u201cPeque\u00f1os Romances Tour\u201d llega a Santo Domingo"},"content":{"rendered":"<blockquote>\n<p style=\"text-align: justify;\"><span style=\"text-align: justify;\">La Banda conformada por Jorge Villamizar y Andr\u00e9 Lopes ofrecer\u00e1 este esperado concierto, el viernes 6 de septiembre, en el Teatro La Fiesta del Hotel Jaragua a las 7:30 pm de la mano de BP Events y 21entertainmentlive<\/span><\/p>\n<\/blockquote>\n<p style=\"text-align: justify;\">Santo Domingo, RD-, agosto 2024. La <img decoding=\"async\" class=\"size-medium wp-image-22362 alignright lazyload\" data-src=\"https:\/\/defrentealaverdad.com\/wp-content\/uploads\/2024\/08\/IMG-20240805-WA0148-300x300.jpg\" alt=\"\" width=\"300\" height=\"300\" data-srcset=\"https:\/\/defrentealaverdad.com\/wp-content\/uploads\/2024\/08\/IMG-20240805-WA0148-300x300.jpg 300w, https:\/\/defrentealaverdad.com\/wp-content\/uploads\/2024\/08\/IMG-20240805-WA0148-1024x1024.jpg 1024w, https:\/\/defrentealaverdad.com\/wp-content\/uploads\/2024\/08\/IMG-20240805-WA0148-150x150.jpg 150w, https:\/\/defrentealaverdad.com\/wp-content\/uploads\/2024\/08\/IMG-20240805-WA0148-768x768.jpg 768w, https:\/\/defrentealaverdad.com\/wp-content\/uploads\/2024\/08\/IMG-20240805-WA0148.jpg 1080w\" data-sizes=\"(max-width: 300px) 100vw, 300px\" src=\"data:image\/svg+xml;base64,PHN2ZyB3aWR0aD0iMSIgaGVpZ2h0PSIxIiB4bWxucz0iaHR0cDovL3d3dy53My5vcmcvMjAwMC9zdmciPjwvc3ZnPg==\" style=\"--smush-placeholder-width: 300px; --smush-placeholder-aspect-ratio: 300\/300;\" \/>emblem\u00e1tica agrupaci\u00f3n Bacilos llegar\u00e1 a la Rep\u00fablica Dominicana como parte de su gira \u201cPeque\u00f1os Romances Tour\u201d, ofreciendo un esperado concierto, producido por BP Events y 21entertainmentlive.<\/p>\n<p style=\"text-align: justify;\">El teatro La Fiesta del Hotel Renaissance Santo Domingo Jaragua Hotel &amp; Casino ser\u00e1 el escenario para recibir a Jorge Villamizar y Andr\u00e9 Lopes, el viernes 6 de septiembre, a las 7:30pm.<\/p>\n<blockquote>\n<p style=\"text-align: justify;\">\u201cBacilos es una banda de calibre mundial, con una trayectoria impresionante que ha sabido mantenerse relevante a lo largo de los a\u00f1os. Su m\u00fasica trasciende generaciones y es un honor para nosotros poder traer su espect\u00e1culo a la Rep\u00fablica Dominicana\u201d, expresaron Sebasti\u00e1n Torres y Juan Tom\u00e1s D\u00edaz de BP Events by SJT, co-productores del evento.<\/p>\n<\/blockquote>\n<p style=\"text-align: justify;\">Por otro lado, Nelson Ma\u00f1\u00f3n, co-productor y en representaci\u00f3n de 21ENTERTAINMENTLIVE, agreg\u00f3: \u201cLa noche del concierto ser\u00e1 inolvidable. Bacilos tiene una energ\u00eda en vivo que es simplemente incre\u00edble, y estamos seguros de que el p\u00fablico dominicano lo disfrutar\u00e1\u00a0al m\u00e1ximo\u201d.<\/p>\n<p><img decoding=\"async\" class=\"size-medium wp-image-22361 alignleft lazyload\" data-src=\"https:\/\/defrentealaverdad.com\/wp-content\/uploads\/2024\/08\/IMG-20240805-WA0156-300x200.jpg\" alt=\"\" width=\"300\" height=\"200\" data-srcset=\"https:\/\/defrentealaverdad.com\/wp-content\/uploads\/2024\/08\/IMG-20240805-WA0156-300x200.jpg 300w, https:\/\/defrentealaverdad.com\/wp-content\/uploads\/2024\/08\/IMG-20240805-WA0156-1024x682.jpg 1024w, https:\/\/defrentealaverdad.com\/wp-content\/uploads\/2024\/08\/IMG-20240805-WA0156-768x512.jpg 768w, https:\/\/defrentealaverdad.com\/wp-content\/uploads\/2024\/08\/IMG-20240805-WA0156.jpg 1280w\" data-sizes=\"(max-width: 300px) 100vw, 300px\" src=\"data:image\/svg+xml;base64,PHN2ZyB3aWR0aD0iMSIgaGVpZ2h0PSIxIiB4bWxucz0iaHR0cDovL3d3dy53My5vcmcvMjAwMC9zdmciPjwvc3ZnPg==\" style=\"--smush-placeholder-width: 300px; --smush-placeholder-aspect-ratio: 300\/200;\" \/><\/p>\n<p style=\"text-align: justify;\">Bacilos es una banda reconocida internacionalmente, ganadora de varios premios Grammy Latino, con \u00e9xitos como \u201cCaraluna\u201d y \u201cMi Primer Mill\u00f3n\u201d, han dejado una marca indeleble en la m\u00fasica latina.<\/p>\n<p><img decoding=\"async\" class=\"size-medium wp-image-22360 alignright lazyload\" data-src=\"https:\/\/defrentealaverdad.com\/wp-content\/uploads\/2024\/08\/IMG-20240805-WA0157-300x300.jpg\" alt=\"\" width=\"300\" height=\"300\" data-srcset=\"https:\/\/defrentealaverdad.com\/wp-content\/uploads\/2024\/08\/IMG-20240805-WA0157-300x300.jpg 300w, https:\/\/defrentealaverdad.com\/wp-content\/uploads\/2024\/08\/IMG-20240805-WA0157-1024x1024.jpg 1024w, https:\/\/defrentealaverdad.com\/wp-content\/uploads\/2024\/08\/IMG-20240805-WA0157-150x150.jpg 150w, https:\/\/defrentealaverdad.com\/wp-content\/uploads\/2024\/08\/IMG-20240805-WA0157-768x768.jpg 768w, https:\/\/defrentealaverdad.com\/wp-content\/uploads\/2024\/08\/IMG-20240805-WA0157.jpg 1280w\" data-sizes=\"(max-width: 300px) 100vw, 300px\" src=\"data:image\/svg+xml;base64,PHN2ZyB3aWR0aD0iMSIgaGVpZ2h0PSIxIiB4bWxucz0iaHR0cDovL3d3dy53My5vcmcvMjAwMC9zdmciPjwvc3ZnPg==\" style=\"--smush-placeholder-width: 300px; --smush-placeholder-aspect-ratio: 300\/300;\" \/><\/p>\n<p style=\"text-align: justify;\">Su \u00faltimo \u00e1lbum, lanzado como parte de la gira \u201cPeque\u00f1os Romances Tour\u201d, ha sido aclamado por la cr\u00edtica, destacando su frescura y por mantener la esencia que los caracteriza. Adem\u00e1s, la gira ha sido un rotundo \u00e9xito, llenando auditorios y teatros en cada ciudad que visitan.<\/p>\n<p style=\"text-align: justify;\">Los fan\u00e1ticos han elogiado la combinaci\u00f3n de sus nuevos temas con los cl\u00e1sicos de siempre, creando una experiencia musical completa y emocionante.<\/p>\n<blockquote><p>Boletas disponibles en uepatickets.com<\/p><\/blockquote>\n<p>@bacilos @bpeventsr.d @21entertainmentlive<\/p>\n<p><strong>Generales del Evento<\/strong><\/p>\n<ul>\n<li>Bacilos: \u201cPeque\u00f1os Romances Tour\u201d<\/li>\n<li>Fecha: viernes 06 de septiembre<\/li>\n<li>Lugar: Teatro La Fiesta, Renaissance Santo Domingo Jaragua Hotel &amp; Casino Hora: 7:30pm<\/li>\n<li>Boletas: https:\/\/uepatickets.com\/tickets\/en\/entradas-musica-bacilos<\/li>\n<\/ul>\n<p>Fuente: Mari\u00fa Medios @mariumedios<\/p>\n","protected":false},"excerpt":{"rendered":"<p>La Banda conformada por Jorge Villamizar y Andr\u00e9 Lopes ofrecer\u00e1 este esperado concierto, el viernes<\/p>\n","protected":false},"author":4,"featured_media":0,"comment_status":"open","ping_status":"open","sticky":false,"template":"","format":"standard","meta":{"footnotes":""},"categories":[6],"tags":[],"class_list":["post-22359","post","type-post","status-publish","format-standard","hentry","category-espectaculos"],"_links":{"self":[{"href":"https:\/\/defrentealaverdad.com\/index.php\/wp-json\/wp\/v2\/posts\/22359","targetHints":{"allow":["GET"]}}],"collection":[{"href":"https:\/\/defrentealaverdad.com\/index.php\/wp-json\/wp\/v2\/posts"}],"about":[{"href":"https:\/\/defrentealaverdad.com\/index.php\/wp-json\/wp\/v2\/types\/post"}],"author":[{"embeddable":true,"href":"https:\/\/defrentealaverdad.com\/index.php\/wp-json\/wp\/v2\/users\/4"}],"replies":[{"embeddable":true,"href":"https:\/\/defrentealaverdad.com\/index.php\/wp-json\/wp\/v2\/comments?post=22359"}],"version-history":[{"count":1,"href":"https:\/\/defrentealaverdad.com\/index.php\/wp-json\/wp\/v2\/posts\/22359\/revisions"}],"predecessor-version":[{"id":22363,"href":"https:\/\/defrentealaverdad.com\/index.php\/wp-json\/wp\/v2\/posts\/22359\/revisions\/22363"}],"wp:attachment":[{"href":"https:\/\/defrentealaverdad.com\/index.php\/wp-json\/wp\/v2\/media?parent=22359"}],"wp:term":[{"taxonomy":"category","embeddable":true,"href":"https:\/\/defrentealaverdad.com\/index.php\/wp-json\/wp\/v2\/categories?post=22359"},{"taxonomy":"post_tag","embeddable":true,"href":"https:\/\/defrentealaverdad.com\/index.php\/wp-json\/wp\/v2\/tags?post=22359"}],"curies":[{"name":"wp","href":"https:\/\/api.w.org\/{rel}","templated":true}]}}