{"id":22356,"date":"2024-08-05T01:46:45","date_gmt":"2024-08-05T01:46:45","guid":{"rendered":"https:\/\/defrentealaverdad.com\/?p=22356"},"modified":"2024-08-06T01:48:19","modified_gmt":"2024-08-06T01:48:19","slug":"sesderma-y-farmacias-carol-se-unen-en-florece-fest-de-agora","status":"publish","type":"post","link":"https:\/\/defrentealaverdad.com\/index.php\/2024\/08\/05\/sesderma-y-farmacias-carol-se-unen-en-florece-fest-de-agora\/","title":{"rendered":"Sesderma y Farmacias Carol se unen en Florece Fest de \u00c1gora\u00a0"},"content":{"rendered":"<p><img decoding=\"async\" class=\"size-medium wp-image-22357 alignleft lazyload\" data-src=\"https:\/\/defrentealaverdad.com\/wp-content\/uploads\/2024\/08\/IMG-20240805-WA0197-200x300.jpg\" alt=\"\" width=\"200\" height=\"300\" data-srcset=\"https:\/\/defrentealaverdad.com\/wp-content\/uploads\/2024\/08\/IMG-20240805-WA0197-200x300.jpg 200w, https:\/\/defrentealaverdad.com\/wp-content\/uploads\/2024\/08\/IMG-20240805-WA0197-683x1024.jpg 683w, https:\/\/defrentealaverdad.com\/wp-content\/uploads\/2024\/08\/IMG-20240805-WA0197-768x1152.jpg 768w, https:\/\/defrentealaverdad.com\/wp-content\/uploads\/2024\/08\/IMG-20240805-WA0197.jpg 1000w\" data-sizes=\"(max-width: 200px) 100vw, 200px\" src=\"data:image\/svg+xml;base64,PHN2ZyB3aWR0aD0iMSIgaGVpZ2h0PSIxIiB4bWxucz0iaHR0cDovL3d3dy53My5vcmcvMjAwMC9zdmciPjwvc3ZnPg==\" style=\"--smush-placeholder-width: 200px; --smush-placeholder-aspect-ratio: 200\/300;\" \/><\/p>\n<p style=\"text-align: justify;\">Santo Domingo. Agosto de 2024. La reconocida marca internacional de dermo cosm\u00e9tica espa\u00f1ola Sesderma se uni\u00f3 a Farmacias Carol en el Florece Fest de \u00c1gora Mall, para brindar a sus clientes ofertas y descuentos exclusivos en los productos de la marca.<\/p>\n<p style=\"text-align: justify;\">Durante los tres d\u00edas del festival, la marca estuvo instalada en un pop-up store junto a Farmacias Carol, brindando asesor\u00eda sobre cuidado de la piel y los productos de la marca.<\/p>\n<p style=\"text-align: justify;\">Como parte de los beneficios de comprar en el pop-up, los clientes pudieron aprovechar de un 25% de descuento en todos los productos de Sesderma, exclusivamente en Farmacia Carol de \u00c1gora Mall.<\/p>\n<p style=\"text-align: justify;\">El espacio tambi\u00e9n cont\u00f3 con el apoyo de la Dra. Dayhana Santiago, dermat\u00f3loga cl\u00ednica y pedi\u00e1trica, quien estuvo acompa\u00f1ando y asesorando en la elecci\u00f3n de sus productos, entre los cuales destaca su famoso serum liposomado de vitamina C, C-VIT, en su presentaci\u00f3n de edici\u00f3n limitada tama\u00f1o XL.<\/p>\n<p style=\"text-align: justify;\">La comunicadora y personalidad de instagram, Mar\u00eda Alejandra Guzm\u00e1n, tambi\u00e9n form\u00f3 parte del equipo que estuvo asistiendo a las personas interesadas en adquirir sus productos de la marca, bas\u00e1ndose en las necesidades de cada tipo de piel.<\/p>\n<p style=\"text-align: justify;\">Gracias a una alianza comercial exclusiva con Farmacia Carol, los productos solo est\u00e1n disponibles en sus distintas sucursales, adem\u00e1s de la tienda Sesderma en Acr\u00f3polis Business Mall.<\/p>\n<p style=\"text-align: justify;\"><strong>Sobre Sesderma\u00a0<\/strong><\/p>\n<p style=\"text-align: justify;\">Sesderma es un laboratorio dermatol\u00f3gico espa\u00f1ol fundado en 1989 por el Dr. Gabriel Serrano, dermat\u00f3logo reconocido en todo el mundo. Sesderma centra su esfuerzo y dedicaci\u00f3n en la investigaci\u00f3n, desarrollo y fabricaci\u00f3n de productos dermocosm\u00e9ticos, contando con una gran especializaci\u00f3n en I+D+i. En la actualidad, la marca est\u00e1 presente en m\u00e1s de 80 pa\u00edses y ha establecido filiales en mercados estrat\u00e9gicos. Adem\u00e1s, cuenta con m\u00e1s de 600 expertos para mantener la excelencia. Su misi\u00f3n se enfoca en atender las necesidades m\u00e1s complejas y espec\u00edficas de cada piel y potenciar su belleza.<\/p>\n<p style=\"text-align: justify;\">Fuente:\u00a0Raquel N\u00fa\u00f1ez<\/p>\n","protected":false},"excerpt":{"rendered":"<p>Santo Domingo. Agosto de 2024. La reconocida marca internacional de dermo cosm\u00e9tica espa\u00f1ola Sesderma se<\/p>\n","protected":false},"author":2,"featured_media":0,"comment_status":"open","ping_status":"open","sticky":false,"template":"","format":"standard","meta":{"footnotes":""},"categories":[7],"tags":[],"class_list":["post-22356","post","type-post","status-publish","format-standard","hentry","category-nacionales"],"_links":{"self":[{"href":"https:\/\/defrentealaverdad.com\/index.php\/wp-json\/wp\/v2\/posts\/22356","targetHints":{"allow":["GET"]}}],"collection":[{"href":"https:\/\/defrentealaverdad.com\/index.php\/wp-json\/wp\/v2\/posts"}],"about":[{"href":"https:\/\/defrentealaverdad.com\/index.php\/wp-json\/wp\/v2\/types\/post"}],"author":[{"embeddable":true,"href":"https:\/\/defrentealaverdad.com\/index.php\/wp-json\/wp\/v2\/users\/2"}],"replies":[{"embeddable":true,"href":"https:\/\/defrentealaverdad.com\/index.php\/wp-json\/wp\/v2\/comments?post=22356"}],"version-history":[{"count":1,"href":"https:\/\/defrentealaverdad.com\/index.php\/wp-json\/wp\/v2\/posts\/22356\/revisions"}],"predecessor-version":[{"id":22358,"href":"https:\/\/defrentealaverdad.com\/index.php\/wp-json\/wp\/v2\/posts\/22356\/revisions\/22358"}],"wp:attachment":[{"href":"https:\/\/defrentealaverdad.com\/index.php\/wp-json\/wp\/v2\/media?parent=22356"}],"wp:term":[{"taxonomy":"category","embeddable":true,"href":"https:\/\/defrentealaverdad.com\/index.php\/wp-json\/wp\/v2\/categories?post=22356"},{"taxonomy":"post_tag","embeddable":true,"href":"https:\/\/defrentealaverdad.com\/index.php\/wp-json\/wp\/v2\/tags?post=22356"}],"curies":[{"name":"wp","href":"https:\/\/api.w.org\/{rel}","templated":true}]}}