{"id":22345,"date":"2024-08-05T01:31:49","date_gmt":"2024-08-05T01:31:49","guid":{"rendered":"https:\/\/defrentealaverdad.com\/?p=22345"},"modified":"2024-08-06T01:34:31","modified_gmt":"2024-08-06T01:34:31","slug":"cemento-progreso-adquiere-operaciones-de-cemex-en-rd-y-haiti","status":"publish","type":"post","link":"https:\/\/defrentealaverdad.com\/index.php\/2024\/08\/05\/cemento-progreso-adquiere-operaciones-de-cemex-en-rd-y-haiti\/","title":{"rendered":"Cemento Progreso adquiere operaciones de CEMEX en RD y Haiti"},"content":{"rendered":"<blockquote>\n<p style=\"text-align: justify;\"><em>Cementos Progreso anuncia su expansi\u00f3n a Rep\u00fablica Dominicana, consolidando su liderazgo en la industria regional<\/em><\/p>\n<\/blockquote>\n<p style=\"text-align: justify;\">Mediante la firma de un acuerdo con CEMEX para adquirir el 100% de sus operaciones en Rep\u00fablica Dominicana, as\u00ed como sus negocios de exportaci\u00f3n a Hait\u00ed, Cementos Progreso Holdings, S.L. a trav\u00e9s de sus subsidiarias y en conjunto con socios estrat\u00e9gicos dominicanos y regionales, anuncia su expansi\u00f3n a estos mercados.<\/p>\n<p style=\"text-align: justify;\"><img decoding=\"async\" class=\"size-medium wp-image-22346 aligncenter lazyload\" data-src=\"https:\/\/defrentealaverdad.com\/wp-content\/uploads\/2024\/08\/IMG-20240805-WA0021-300x179.jpg\" alt=\"\" width=\"300\" height=\"179\" data-srcset=\"https:\/\/defrentealaverdad.com\/wp-content\/uploads\/2024\/08\/IMG-20240805-WA0021-300x179.jpg 300w, https:\/\/defrentealaverdad.com\/wp-content\/uploads\/2024\/08\/IMG-20240805-WA0021-1024x611.jpg 1024w, https:\/\/defrentealaverdad.com\/wp-content\/uploads\/2024\/08\/IMG-20240805-WA0021-768x458.jpg 768w, https:\/\/defrentealaverdad.com\/wp-content\/uploads\/2024\/08\/IMG-20240805-WA0021-1536x916.jpg 1536w, https:\/\/defrentealaverdad.com\/wp-content\/uploads\/2024\/08\/IMG-20240805-WA0021.jpg 1600w\" data-sizes=\"(max-width: 300px) 100vw, 300px\" src=\"data:image\/svg+xml;base64,PHN2ZyB3aWR0aD0iMSIgaGVpZ2h0PSIxIiB4bWxucz0iaHR0cDovL3d3dy53My5vcmcvMjAwMC9zdmciPjwvc3ZnPg==\" style=\"--smush-placeholder-width: 300px; --smush-placeholder-aspect-ratio: 300\/179;\" \/><\/p>\n<p style=\"text-align: justify;\">Con esta adquisici\u00f3n y sumado a sus 124 a\u00f1os de experiencia, Cementos Progreso se consolida como l\u00edder regional de la industria de cemento, concreto y materiales para la construcci\u00f3n, continuando su proceso de expansi\u00f3n internacional y ampliando su presencia a 8 pa\u00edses de Am\u00e9rica Latina y el Caribe.<\/p>\n<p style=\"text-align: justify;\">Entre los socios estrat\u00e9gicos dominicanos que acompa\u00f1an a Cementos Progreso en la operaci\u00f3n se encuentran el Fondo Cerrado de Desarrollo de Sociedades administrado por AFI Popular, filial del Grupo Popular, y el Fondo de Inversi\u00f3n Cerrado de Desarrollo Universal I administrado por AFI Universal, filial de Grupo Universal, entre otros inversionistas regionales.<\/p>\n<p style=\"text-align: justify;\">La operaci\u00f3n en Rep\u00fablica Dominicana es la m\u00e1s importante del Caribe y consiste principalmente en una planta de cemento con dos l\u00edneas de producci\u00f3n integradas y activos relacionados de cemento, concreto y agregados, y terminales mar\u00edtimas. Esto ampl\u00eda significativamente las capacidades actuales de Cementos Progreso, pero sobre todo, le permite incursionar en un mercado de construcci\u00f3n pujante en una de las econom\u00edas de mayor crecimiento en la regi\u00f3n.<\/p>\n<p style=\"text-align: justify;\">Seg\u00fan Jose\u0301 Ra\u00fal Gonz\u00e1lez, CEO de Progreso:<\/p>\n<blockquote>\n<p style=\"text-align: justify;\">\u201cNos entusiasma continuar materializando nuestra estrategia de expansi\u00f3n, lo cual nos compromete mucho m\u00e1s con el desarrollo de los pa\u00edses donde operamos. Con esta adquisici\u00f3n, pasamos a tener operaciones en 8 pa\u00edses, incursionando ahora en el mercado caribe\u00f1o y, principalmente, sumando equipos altamente profesionales y capacitados a la familia Progreso para seguir generando \u201cProgreso en todo lo que hacemos\u201d.<\/p>\n<\/blockquote>\n<p style=\"text-align: justify;\">El cierre oficial de esta transacci\u00f3n e inicio del proceso de integraci\u00f3n de las operaciones estar\u00e1 sujeto a las debidas aprobaciones y requisitos usuales en este tipo de transacciones.<\/p>\n<blockquote>\n<p style=\"text-align: justify;\">\u201cContinuamos comprometidos a operar responsablemente y trabajar con nuestros socios clientes, proveedores, comunidades, gobierno y dema\u0301s pu\u0301blicos de intere\u0301spara generar valor econo\u0301mico, social y ambiental, ahora tambi\u00e9n en Rep\u00fablica Dominicana y Hait\u00ed, con el firme propo\u0301sito de: \u201cConstruir juntos el pai\u0301s donde todos queremos vivir\u201d, concluye Gonz\u00e1lez.<\/p>\n<\/blockquote>\n<p style=\"text-align: justify;\">Citigroup Global Markets Inc. actu\u00f3 como asesor financiero de Progreso y sus socios estrat\u00e9gicos en esta transacci\u00f3n<\/p>\n<p>Fuente: Prensa Cemento Progreso<\/p>\n","protected":false},"excerpt":{"rendered":"<p>Cementos Progreso anuncia su expansi\u00f3n a Rep\u00fablica Dominicana, consolidando su liderazgo en la industria regional<\/p>\n","protected":false},"author":1,"featured_media":0,"comment_status":"open","ping_status":"open","sticky":false,"template":"","format":"standard","meta":{"footnotes":""},"categories":[7],"tags":[],"class_list":["post-22345","post","type-post","status-publish","format-standard","hentry","category-nacionales"],"_links":{"self":[{"href":"https:\/\/defrentealaverdad.com\/index.php\/wp-json\/wp\/v2\/posts\/22345","targetHints":{"allow":["GET"]}}],"collection":[{"href":"https:\/\/defrentealaverdad.com\/index.php\/wp-json\/wp\/v2\/posts"}],"about":[{"href":"https:\/\/defrentealaverdad.com\/index.php\/wp-json\/wp\/v2\/types\/post"}],"author":[{"embeddable":true,"href":"https:\/\/defrentealaverdad.com\/index.php\/wp-json\/wp\/v2\/users\/1"}],"replies":[{"embeddable":true,"href":"https:\/\/defrentealaverdad.com\/index.php\/wp-json\/wp\/v2\/comments?post=22345"}],"version-history":[{"count":1,"href":"https:\/\/defrentealaverdad.com\/index.php\/wp-json\/wp\/v2\/posts\/22345\/revisions"}],"predecessor-version":[{"id":22347,"href":"https:\/\/defrentealaverdad.com\/index.php\/wp-json\/wp\/v2\/posts\/22345\/revisions\/22347"}],"wp:attachment":[{"href":"https:\/\/defrentealaverdad.com\/index.php\/wp-json\/wp\/v2\/media?parent=22345"}],"wp:term":[{"taxonomy":"category","embeddable":true,"href":"https:\/\/defrentealaverdad.com\/index.php\/wp-json\/wp\/v2\/categories?post=22345"},{"taxonomy":"post_tag","embeddable":true,"href":"https:\/\/defrentealaverdad.com\/index.php\/wp-json\/wp\/v2\/tags?post=22345"}],"curies":[{"name":"wp","href":"https:\/\/api.w.org\/{rel}","templated":true}]}}