{"id":22331,"date":"2024-08-05T01:18:16","date_gmt":"2024-08-05T01:18:16","guid":{"rendered":"https:\/\/defrentealaverdad.com\/?p=22331"},"modified":"2024-08-06T01:19:39","modified_gmt":"2024-08-06T01:19:39","slug":"el-cata-asegura-numeros-en-plataformas-digitales-son-cruciales-para-el-exito-de-un-artista","status":"publish","type":"post","link":"https:\/\/defrentealaverdad.com\/index.php\/2024\/08\/05\/el-cata-asegura-numeros-en-plataformas-digitales-son-cruciales-para-el-exito-de-un-artista\/","title":{"rendered":"El Cata asegura n\u00fameros en plataformas digitales son &#8216;cruciales&#8217; para el \u00e9xito de un artista"},"content":{"rendered":"<p style=\"text-align: justify;\"><img decoding=\"async\" class=\"size-medium wp-image-22332 alignleft lazyload\" data-src=\"https:\/\/defrentealaverdad.com\/wp-content\/uploads\/2024\/08\/IMG-20240805-WA0233-249x300.jpg\" alt=\"\" width=\"249\" height=\"300\" data-srcset=\"https:\/\/defrentealaverdad.com\/wp-content\/uploads\/2024\/08\/IMG-20240805-WA0233-249x300.jpg 249w, https:\/\/defrentealaverdad.com\/wp-content\/uploads\/2024\/08\/IMG-20240805-WA0233-850x1024.jpg 850w, https:\/\/defrentealaverdad.com\/wp-content\/uploads\/2024\/08\/IMG-20240805-WA0233-768x926.jpg 768w, https:\/\/defrentealaverdad.com\/wp-content\/uploads\/2024\/08\/IMG-20240805-WA0233-1274x1536.jpg 1274w, https:\/\/defrentealaverdad.com\/wp-content\/uploads\/2024\/08\/IMG-20240805-WA0233-1699x2048.jpg 1699w\" data-sizes=\"(max-width: 249px) 100vw, 249px\" src=\"data:image\/svg+xml;base64,PHN2ZyB3aWR0aD0iMSIgaGVpZ2h0PSIxIiB4bWxucz0iaHR0cDovL3d3dy53My5vcmcvMjAwMC9zdmciPjwvc3ZnPg==\" style=\"--smush-placeholder-width: 249px; --smush-placeholder-aspect-ratio: 249\/300;\" \/>SANTO DOMINGO, RD. &#8211; El int\u00e9rprete dominicano Eduard Bello, mejor conocido como \u201cEl Cata\u201d, comparti\u00f3 su visi\u00f3n sobre la importancia de las tendencias y los n\u00fameros en las plataformas digitales en la actualidad, lo que se han convertido en una de las principales exigencias en la industria musical.<\/p>\n<p style=\"text-align: justify;\">Manifest\u00f3 que hoy en d\u00eda, estas estad\u00edsticas son &#8216;cruciales&#8217; para los artistas, pues es la manera que tienen para medir el impacto de su m\u00fasica y poder mantenerse posicionados en un mercado tan competitivo.<\/p>\n<p style=\"text-align: justify;\">Su m\u00e1s reciente videoclip \u201cCu\u00e9ntale\u201d es un testimonio de esta realidad, alcanzando m\u00e1s de 2.5 millones de reproducciones en YouTube y sumando otras 700,000 en diversas plataformas de streaming en tan solo un mes.<\/p>\n<p style=\"text-align: justify;\">Seg\u00fan cuenta, este desempe\u00f1o digital ha significado, adem\u00e1s, un aumento notable en la cantidad de eventos en los que ha sido invitado a participar, superando las actividades de los \u00faltimos tres a\u00f1os.<\/p>\n<p style=\"text-align: justify;\">Pero su \u00e9xito no solo lo atribuye a las tendencias en sus plataformas digitales, sino tambi\u00e9n a su renovado estilo de presentaciones en vivo, abri\u00e9ndose las puertas a un mercado de eventos p\u00fablicos en mayor proporci\u00f3n.<\/p>\n<p style=\"text-align: justify;\">Actualmente, El Cata se encuentra en una gira que lo lleva a diversas ciudades, mientras sigue manteniendo un flujo constante de lanzamientos discogr\u00e1ficos<\/p>\n<p>Fuente: RR. PP. El Cata<\/p>\n","protected":false},"excerpt":{"rendered":"<p>SANTO DOMINGO, RD. &#8211; El int\u00e9rprete dominicano Eduard Bello, mejor conocido como \u201cEl Cata\u201d, comparti\u00f3<\/p>\n","protected":false},"author":1,"featured_media":0,"comment_status":"open","ping_status":"open","sticky":false,"template":"","format":"standard","meta":{"footnotes":""},"categories":[6],"tags":[],"class_list":["post-22331","post","type-post","status-publish","format-standard","hentry","category-espectaculos"],"_links":{"self":[{"href":"https:\/\/defrentealaverdad.com\/index.php\/wp-json\/wp\/v2\/posts\/22331","targetHints":{"allow":["GET"]}}],"collection":[{"href":"https:\/\/defrentealaverdad.com\/index.php\/wp-json\/wp\/v2\/posts"}],"about":[{"href":"https:\/\/defrentealaverdad.com\/index.php\/wp-json\/wp\/v2\/types\/post"}],"author":[{"embeddable":true,"href":"https:\/\/defrentealaverdad.com\/index.php\/wp-json\/wp\/v2\/users\/1"}],"replies":[{"embeddable":true,"href":"https:\/\/defrentealaverdad.com\/index.php\/wp-json\/wp\/v2\/comments?post=22331"}],"version-history":[{"count":1,"href":"https:\/\/defrentealaverdad.com\/index.php\/wp-json\/wp\/v2\/posts\/22331\/revisions"}],"predecessor-version":[{"id":22333,"href":"https:\/\/defrentealaverdad.com\/index.php\/wp-json\/wp\/v2\/posts\/22331\/revisions\/22333"}],"wp:attachment":[{"href":"https:\/\/defrentealaverdad.com\/index.php\/wp-json\/wp\/v2\/media?parent=22331"}],"wp:term":[{"taxonomy":"category","embeddable":true,"href":"https:\/\/defrentealaverdad.com\/index.php\/wp-json\/wp\/v2\/categories?post=22331"},{"taxonomy":"post_tag","embeddable":true,"href":"https:\/\/defrentealaverdad.com\/index.php\/wp-json\/wp\/v2\/tags?post=22331"}],"curies":[{"name":"wp","href":"https:\/\/api.w.org\/{rel}","templated":true}]}}