{"id":22328,"date":"2024-08-05T01:11:25","date_gmt":"2024-08-05T01:11:25","guid":{"rendered":"https:\/\/defrentealaverdad.com\/?p=22328"},"modified":"2024-08-06T01:12:59","modified_gmt":"2024-08-06T01:12:59","slug":"dio-astacio-en-el-top-4-de-los-alcaldes-mas-populares-del-pais","status":"publish","type":"post","link":"https:\/\/defrentealaverdad.com\/index.php\/2024\/08\/05\/dio-astacio-en-el-top-4-de-los-alcaldes-mas-populares-del-pais\/","title":{"rendered":"D\u00edo Astacio en el TOP 4 de los alcaldes m\u00e1s populares del pa\u00eds"},"content":{"rendered":"<p><img decoding=\"async\" class=\"size-medium wp-image-22329 alignleft lazyload\" data-src=\"https:\/\/defrentealaverdad.com\/wp-content\/uploads\/2024\/08\/IMG-20240805-WA0284-300x290.jpg\" alt=\"\" width=\"300\" height=\"290\" data-srcset=\"https:\/\/defrentealaverdad.com\/wp-content\/uploads\/2024\/08\/IMG-20240805-WA0284-300x290.jpg 300w, https:\/\/defrentealaverdad.com\/wp-content\/uploads\/2024\/08\/IMG-20240805-WA0284.jpg 720w\" data-sizes=\"(max-width: 300px) 100vw, 300px\" src=\"data:image\/svg+xml;base64,PHN2ZyB3aWR0aD0iMSIgaGVpZ2h0PSIxIiB4bWxucz0iaHR0cDovL3d3dy53My5vcmcvMjAwMC9zdmciPjwvc3ZnPg==\" style=\"--smush-placeholder-width: 300px; --smush-placeholder-aspect-ratio: 300\/290;\" \/><\/p>\n<p style=\"text-align: justify;\">La firma encuestadora SONDEOS coloc\u00f3 al alcalde de Santo Domingo Este, D\u00edo Astacio, en el TOP 4 de los alcaldes m\u00e1s populares de la Rep\u00fablica Dominicana, con una valoraci\u00f3n del 71% en los primeros 100 d\u00edas de su gesti\u00f3n municipal.<\/p>\n<p style=\"text-align: justify;\">El estudio de SONDEOS destaca que, en comparaci\u00f3n con otros alcaldes del pa\u00eds, la gesti\u00f3n de Astacio es bien recibida por la ciudadan\u00eda debido a los resultados positivos en la mejora de los servicios p\u00fablicos, la recogida de basura, la seguridad y los esfuerzos por promover la transparencia en la administraci\u00f3n municipal. La valoraci\u00f3n del 71% refleja un alto nivel de satisfacci\u00f3n entre los residentes de Santo Domingo Este.<\/p>\n<p style=\"text-align: justify;\">Durante los primeros meses de su administraci\u00f3n, D\u00edo Astacio concentr\u00f3 sus esfuerzos en la renovaci\u00f3n de infraestructuras, la mejora de la seguridad ciudadana y la promoci\u00f3n de proyectos comunitarios, as\u00ed como en un programa integral de limpieza que incluye la eliminaci\u00f3n de vertederos improvisados y la colocaci\u00f3n de contenedores en puntos cr\u00edticos del municipio. Adem\u00e1s, el informe se\u00f1ala que la poblaci\u00f3n de Santo Domingo Este se siente identificada con la transparencia y la participaci\u00f3n del alcalde Astacio.<\/p>\n<p style=\"text-align: justify;\">El informe de SONDEOS tambi\u00e9n indica que otros alcaldes han mostrado buenos resultados, pero ninguno ha alcanzado el nivel de popularidad de Astacio en este per\u00edodo inicial. SONDEOS, conocida por sus predicciones acertadas en elecciones pasadas, hab\u00eda pronosticado previamente que Omar Fern\u00e1ndez ganar\u00eda la senadur\u00eda. Con este resultado se destaca la capacidad del alcalde D\u00edo Astacio para conectar con las necesidades y expectativas de la poblaci\u00f3n de Santo Domingo Este.<\/p>\n<p>Fuente: Prensa ADSE<\/p>\n","protected":false},"excerpt":{"rendered":"<p>La firma encuestadora SONDEOS coloc\u00f3 al alcalde de Santo Domingo Este, D\u00edo Astacio, en el<\/p>\n","protected":false},"author":1,"featured_media":0,"comment_status":"open","ping_status":"open","sticky":false,"template":"","format":"standard","meta":{"footnotes":""},"categories":[7],"tags":[],"class_list":["post-22328","post","type-post","status-publish","format-standard","hentry","category-nacionales"],"_links":{"self":[{"href":"https:\/\/defrentealaverdad.com\/index.php\/wp-json\/wp\/v2\/posts\/22328","targetHints":{"allow":["GET"]}}],"collection":[{"href":"https:\/\/defrentealaverdad.com\/index.php\/wp-json\/wp\/v2\/posts"}],"about":[{"href":"https:\/\/defrentealaverdad.com\/index.php\/wp-json\/wp\/v2\/types\/post"}],"author":[{"embeddable":true,"href":"https:\/\/defrentealaverdad.com\/index.php\/wp-json\/wp\/v2\/users\/1"}],"replies":[{"embeddable":true,"href":"https:\/\/defrentealaverdad.com\/index.php\/wp-json\/wp\/v2\/comments?post=22328"}],"version-history":[{"count":1,"href":"https:\/\/defrentealaverdad.com\/index.php\/wp-json\/wp\/v2\/posts\/22328\/revisions"}],"predecessor-version":[{"id":22330,"href":"https:\/\/defrentealaverdad.com\/index.php\/wp-json\/wp\/v2\/posts\/22328\/revisions\/22330"}],"wp:attachment":[{"href":"https:\/\/defrentealaverdad.com\/index.php\/wp-json\/wp\/v2\/media?parent=22328"}],"wp:term":[{"taxonomy":"category","embeddable":true,"href":"https:\/\/defrentealaverdad.com\/index.php\/wp-json\/wp\/v2\/categories?post=22328"},{"taxonomy":"post_tag","embeddable":true,"href":"https:\/\/defrentealaverdad.com\/index.php\/wp-json\/wp\/v2\/tags?post=22328"}],"curies":[{"name":"wp","href":"https:\/\/api.w.org\/{rel}","templated":true}]}}