{"id":22324,"date":"2024-08-05T22:05:01","date_gmt":"2024-08-05T22:05:01","guid":{"rendered":"https:\/\/defrentealaverdad.com\/?p=22324"},"modified":"2024-08-05T22:05:01","modified_gmt":"2024-08-05T22:05:01","slug":"afp-crecer-celebra-people-leader-summit-para-lideres-de-recursos-humanos","status":"publish","type":"post","link":"https:\/\/defrentealaverdad.com\/index.php\/2024\/08\/05\/afp-crecer-celebra-people-leader-summit-para-lideres-de-recursos-humanos\/","title":{"rendered":"AFP Crecer celebra People Leader Summit para l\u00edderes de Recursos Humanos"},"content":{"rendered":"<p><img decoding=\"async\" class=\"size-medium wp-image-22325 alignleft lazyload\" data-src=\"https:\/\/defrentealaverdad.com\/wp-content\/uploads\/2024\/08\/IMG-20240805-WA0194-300x200.jpg\" alt=\"\" width=\"300\" height=\"200\" data-srcset=\"https:\/\/defrentealaverdad.com\/wp-content\/uploads\/2024\/08\/IMG-20240805-WA0194-300x200.jpg 300w, https:\/\/defrentealaverdad.com\/wp-content\/uploads\/2024\/08\/IMG-20240805-WA0194-1024x684.jpg 1024w, https:\/\/defrentealaverdad.com\/wp-content\/uploads\/2024\/08\/IMG-20240805-WA0194-768x513.jpg 768w, https:\/\/defrentealaverdad.com\/wp-content\/uploads\/2024\/08\/IMG-20240805-WA0194.jpg 1427w\" data-sizes=\"(max-width: 300px) 100vw, 300px\" src=\"data:image\/svg+xml;base64,PHN2ZyB3aWR0aD0iMSIgaGVpZ2h0PSIxIiB4bWxucz0iaHR0cDovL3d3dy53My5vcmcvMjAwMC9zdmciPjwvc3ZnPg==\" style=\"--smush-placeholder-width: 300px; --smush-placeholder-aspect-ratio: 300\/200;\" \/><\/p>\n<p style=\"text-align: justify;\">Santo Domingo &#8211; AFP Crecer realiz\u00f3 su esperado People Leader Summit, un evento dise\u00f1ado para los l\u00edderes de recursos humanos. El encuentro se llev\u00f3 a cabo en el escenario 360 de la conocida plaza comercial, con m\u00e1s de 500 l\u00edderes de recursos humanos de diversas empresas del pa\u00eds.<\/p>\n<p style=\"text-align: justify;\">En un ambiente propicio para compartir y reflexionar, los asistentes disfrutaron de la obra teatral \u00abDesde el mismo Vientre\u00bb, dirigida por Ram\u00f3n Santana e interpretada magistralmente por Pepe Sierra e Irving Alberti. La historia, abord\u00f3 la importancia del bienestar y la salud mental, un tema de relevancia en el mundo.<\/p>\n<blockquote>\n<p style=\"text-align: justify;\">\u00abEsta puesta en escena nos lleva a mirar de cerca un tema tan importante como la salud mental y que consideramos debe llegar a cada organizaci\u00f3n de la mano de ustedes, los l\u00edderes, que son los pilares fundamentales que sostienen el recurso m\u00e1s valioso &#8211; La gente &#8211; que a fin de cuentas son el motor &#8211; el coraz\u00f3n &#8211; que impulsa a las empresas\u00bb, expres\u00f3 Gina Cordero, VP Corporativa de AFP Crecer, durante su discurso.<\/p>\n<\/blockquote>\n<p style=\"text-align: justify;\">AFP Crecer reafirma su compromiso con el bienestar integral de los dominicanos, reconociendo la vital importancia de la salud mental en la construcci\u00f3n de ambientes laborales saludables y productivos.<\/p>\n<p style=\"text-align: justify;\">Con iniciativas como el People Leader Summit, la empresa ratifica su posici\u00f3n de continuar trabajando como l\u00edder en la promoci\u00f3n de pr\u00e1cticas empresariales que valoran y cuidan a las personas.<\/p>\n<p>Fuente: AFP Crecer<\/p>\n","protected":false},"excerpt":{"rendered":"<p>Santo Domingo &#8211; AFP Crecer realiz\u00f3 su esperado People Leader Summit, un evento dise\u00f1ado para<\/p>\n","protected":false},"author":4,"featured_media":0,"comment_status":"open","ping_status":"open","sticky":false,"template":"","format":"standard","meta":{"footnotes":""},"categories":[7],"tags":[],"class_list":["post-22324","post","type-post","status-publish","format-standard","hentry","category-nacionales"],"_links":{"self":[{"href":"https:\/\/defrentealaverdad.com\/index.php\/wp-json\/wp\/v2\/posts\/22324","targetHints":{"allow":["GET"]}}],"collection":[{"href":"https:\/\/defrentealaverdad.com\/index.php\/wp-json\/wp\/v2\/posts"}],"about":[{"href":"https:\/\/defrentealaverdad.com\/index.php\/wp-json\/wp\/v2\/types\/post"}],"author":[{"embeddable":true,"href":"https:\/\/defrentealaverdad.com\/index.php\/wp-json\/wp\/v2\/users\/4"}],"replies":[{"embeddable":true,"href":"https:\/\/defrentealaverdad.com\/index.php\/wp-json\/wp\/v2\/comments?post=22324"}],"version-history":[{"count":1,"href":"https:\/\/defrentealaverdad.com\/index.php\/wp-json\/wp\/v2\/posts\/22324\/revisions"}],"predecessor-version":[{"id":22326,"href":"https:\/\/defrentealaverdad.com\/index.php\/wp-json\/wp\/v2\/posts\/22324\/revisions\/22326"}],"wp:attachment":[{"href":"https:\/\/defrentealaverdad.com\/index.php\/wp-json\/wp\/v2\/media?parent=22324"}],"wp:term":[{"taxonomy":"category","embeddable":true,"href":"https:\/\/defrentealaverdad.com\/index.php\/wp-json\/wp\/v2\/categories?post=22324"},{"taxonomy":"post_tag","embeddable":true,"href":"https:\/\/defrentealaverdad.com\/index.php\/wp-json\/wp\/v2\/tags?post=22324"}],"curies":[{"name":"wp","href":"https:\/\/api.w.org\/{rel}","templated":true}]}}