{"id":22306,"date":"2024-08-05T15:16:56","date_gmt":"2024-08-05T15:16:56","guid":{"rendered":"https:\/\/defrentealaverdad.com\/?p=22306"},"modified":"2024-08-05T15:16:56","modified_gmt":"2024-08-05T15:16:56","slug":"union-europea-no-reconoce-la-reeleccion-de-nicolas-maduro-en-venezuela","status":"publish","type":"post","link":"https:\/\/defrentealaverdad.com\/index.php\/2024\/08\/05\/union-europea-no-reconoce-la-reeleccion-de-nicolas-maduro-en-venezuela\/","title":{"rendered":"Uni\u00f3n Europea No Reconoce la Reelecci\u00f3n de Nicol\u00e1s Maduro en Venezuela"},"content":{"rendered":"<div class=\"container_col article-media\">\n<section class=\"col3 media \">\n<div id=\"p610388-m3288-3287-3289\" class=\"captioned-image\">\n<figure id=\"m3293-3292-3294\" class=\"foto-articuloApertura\" style=\"text-align: justify;\"><img decoding=\"async\" data-src=\"https:\/\/www.portafolio.co\/files\/article_new_multimedia\/uploads\/2024\/08\/05\/66b0de2359653.jpeg\" alt=\"Nicol\u00e1s Maduro\" data-original=\"\/files\/article_new_multimedia\/uploads\/2024\/08\/05\/66b0de2359653.jpeg\" src=\"data:image\/svg+xml;base64,PHN2ZyB3aWR0aD0iMSIgaGVpZ2h0PSIxIiB4bWxucz0iaHR0cDovL3d3dy53My5vcmcvMjAwMC9zdmciPjwvc3ZnPg==\" class=\"lazyload\" \/><\/p>\n<div class=\"foto-articulo-credito\">\n<p id=\"m3300-1-3301\" class=\"foto-description pieFoto1\">\n<\/div>\n<\/figure>\n<\/div>\n<\/section>\n<\/div>\n<div class=\"info\" style=\"text-align: justify;\">\n<div class=\"container-author\">\n<div class=\"h-author\">\n<div class=\"author_data\">\n<div class=\"canales-whatsapp\">\n<div class=\"btn-unirse-whatsapp\">La Uni\u00f3n Europea elev\u00f3\u00a0 la presi\u00f3n internacional sobre el presidente venezolano Nicol\u00e1s Maduro, al unirse a Estados Unidos y varios pa\u00edses latinoamericanos<b>\u00a0que no reconocen los resultados de los comicios del pasado 28 de julio, marcados por denuncias de fraude.<\/b><\/div>\n<\/div>\n<\/div>\n<\/div>\n<\/div>\n<\/div>\n<div id=\"articulocontenido\" class=\"article-content\">\n<p id=\"p610388-m3320-3319-3321\" class=\"parrafo first-parrafo\" style=\"text-align: justify;\">El papa Francisco, en tanto,<b>\u00a0llam\u00f3 desde el Vaticano a \u00abbuscar la verdad\u00bb en Venezuela, donde las protestas desde el lunes por la cuestionada reelecci\u00f3n de Maduro<\/b>\u00a0han dejado al menos once civiles muertos -seg\u00fan organizaciones de derechos humanos- y m\u00e1s de 2.000 detenidos.<\/p>\n<p id=\"p610388-m3382-3-3383\" class=\"parrafo\" style=\"text-align: justify;\">Dos militares han fallecido en incidentes violentos, de acuerdo con el gobierno. \u00ab<i>A falta de pruebas que los respalden<\/i>\u00ab, los boletines de la autoridad electoral venezolana \u00ab<i>no pueden reconocerse<\/i>\u00ab, expres\u00f3 en un comunicado el Consejo de la Uni\u00f3n Europea, que pidi\u00f3 una \u00abverificaci\u00f3n independiente\u00bb del proceso.<\/p>\n<p>A diferencia de Estados Unidos y de otros pa\u00edses,<b>\u00a0la UE se abstuvo de reconocer una victoria al candidato opositor Edmundo Gonz\u00e1lez Urrutia<\/b>, postulado despu\u00e9s de una inhabilitaci\u00f3n pol\u00edtica que vet\u00f3 a la excongresista Mar\u00eda Corina Machado.<\/p>\n<div id=\"p610388-m3388-4-3389\" class=\"captioned-image\" style=\"text-align: justify;\">Sin embargo, el bloque europeo destac\u00f3 que \u00ab<i>copias de las actas electorales publicadas por la oposici\u00f3n y revisadas por varias organizaciones independientes<\/i>\u00bb indican que Gonz\u00e1lez \u00abparece haber ganado las elecciones presidenciales por una mayor\u00eda sustancial\u00bb.<\/div>\n<p id=\"p610388-m3414-5-3415\" class=\"parrafo\" style=\"text-align: justify;\">Maduro fue ratificado por el Consejo Nacional Electoral (CNE) como presidente reelecto con 52% de los votos frente a 43% del aspirante opositor.<b>\u00a0El gobernante izquierdista, de este modo, asumir\u00eda un tercer mandato que le proyecta a 18 a\u00f1os en el poder.<\/b><\/p>\n<p><b>La oposici\u00f3n subi\u00f3 a una web actas con las que sostiene que Gonz\u00e1lez tuvo 67% de los sufragios<\/b>. \u00abNo vamos a dejar las calles\u00bb, sentenci\u00f3 el s\u00e1bado una desafiante Machado, que reapareci\u00f3 en una marcha opositora tras declararse el jueves en la clandestinidad a ra\u00edz de los dichos de Maduro de que ella y Gonz\u00e1lez Urrutia deber\u00edan \u00abestar tras las rejas\u00bb.<\/p>\n<p class=\"parrafo\" style=\"text-align: justify;\">El CNE a\u00fan no ha publicado resultados detallados y alega que su sistema fue blanco de un \u00abjaqueo masivo\u00bb. <b>Maduro y altos funcionarios desestiman la validez de los documentos divulgados por la oposici\u00f3n.<\/b><\/p>\n<p style=\"text-align: justify;\"><img decoding=\"async\" class=\"aligncenter lazyload\" data-src=\"https:\/\/www.portafolio.co\/files\/article_content\/uploads\/2024\/08\/05\/66b0de4e23dc1.jpeg\" alt=\"Venezuela\" data-original=\"\/files\/article_content\/uploads\/2024\/08\/05\/66b0de4e23dc1.jpeg\" src=\"data:image\/svg+xml;base64,PHN2ZyB3aWR0aD0iMSIgaGVpZ2h0PSIxIiB4bWxucz0iaHR0cDovL3d3dy53My5vcmcvMjAwMC9zdmciPjwvc3ZnPg==\" \/><\/p>\n<div id=\"p610388-m3446-7-3447\" class=\"highlighted\" style=\"text-align: justify;\">\n<p id=\"m3451-3450-3452\" class=\"tiemposBold3\"><strong>Evitar la violencia<\/strong><\/p>\n<\/div>\n<p id=\"p610388-m3458-8-3459\" class=\"parrafo\" style=\"text-align: justify;\">\u00ab<i>Hago un sentido llamamiento a todas las partes para que busquen la verdad, act\u00faen con moderaci\u00f3n, eviten cualquier tipo de violencia, resuelvan las controversias mediante el di\u00e1logo y tengan en el coraz\u00f3n el verdadero bien de la poblaci\u00f3n<\/i>\u00ab, dijo el papa Francisco tras la oraci\u00f3n dominical del \u00c1ngelus en la Plaza San Pedro, en El Vaticano.<\/p>\n<p>Machado agradeci\u00f3 este domingo a Alemania, Espa\u00f1a, Francia, Italia, Pa\u00edses Pajos, Polonia y Portugal su \u00abcompromiso con la democracia\u00bb tras un pedido de estas siete naciones de publicar las actas de la elecci\u00f3n presidencial<i>. Hicieron ese pedido el s\u00e1bado en un comunicado conjunto<\/i>, al considerar que es necesario para garantizar \u00abtotal transparencia\u00bb.<\/p>\n<p>\u00abRespaldamos la exigencia de que se verifiquen cuanto antes, a nivel\u00a0internacional e independiente, las actas que hemos presentado\u00bb, public\u00f3 Machado en la red social X.\u00a0<b>Estados Unidos, Per\u00fa, Argentina, Uruguay, Ecuador, Costa Rica y Panam\u00e1 reconocieron a Gonz\u00e1lez Urrutia como vencedo<\/b>r y Canad\u00e1 pidi\u00f3 este domingo la publicaci\u00f3n de resultados completos. Rusia y China, en contraste, respaldaron a Maduro. Brasil, Colombia y M\u00e9xico tratan de impulsar un acuerdo pol\u00edtico.<br \/>\n<img decoding=\"async\" class=\"aligncenter lazyload\" data-src=\"https:\/\/www.portafolio.co\/files\/article_content\/uploads\/2024\/08\/05\/66b0de6d68ec4.jpeg\" alt=\"El papa Francisco\" data-original=\"\/files\/article_content\/uploads\/2024\/08\/05\/66b0de6d68ec4.jpeg\" src=\"data:image\/svg+xml;base64,PHN2ZyB3aWR0aD0iMSIgaGVpZ2h0PSIxIiB4bWxucz0iaHR0cDovL3d3dy53My5vcmcvMjAwMC9zdmciPjwvc3ZnPg==\" \/><br \/>\n<strong>\u00abConducta ejemplar\u00bb<\/strong><\/p>\n<p id=\"p610388-m3502-11-3503\" class=\"parrafo\" style=\"text-align: justify;\">Este domingo, rodeado por el alto mando de la Fuerza Armada, que le ha declarado \u00ablealtad absoluta\u00bb, Maduro felicit\u00f3 la \u00abconducta ejemplar\u00bb de la Guardia Nacional,<b>\u00a0el cuerpo militar encargado de orden p\u00fablico en Venezuela.<\/b><\/p>\n<p>\u00ab<i>Ustedes han sido y son columna vertebral de la paz, la protecci\u00f3n del pueblo, la tranquilidad, la seguridad<\/i>\u00ab, dijo el mandatario en un acto por el 87\u00ba aniversario de ese cuerpo, en el que dio ascensos y condecoraciones.<\/p>\n<p>\u00abEstamos enfrentando en las calles de Venezuela un golpe de Estado\u00bb, a\u00f1adi\u00f3.\u00a0<b>El s\u00e1bado, ante una manifestaci\u00f3n de partidarios que lleg\u00f3 al palacio presidencial de Miraflores<\/b>, Maduro hab\u00eda denunciado que estaba en marcha un plan para \u00abusurpar\u00bb el poder.<\/p>\n<p class=\"parrafo\" style=\"text-align: justify;\">\u00ab<i>No se aceptar\u00e1, con las leyes nacionales, que se pretenda usurpar nuevamente la presidencia<\/i>\u00ab, advirti\u00f3 Maduro, al trazar un paralelismo con el reconocimiento internacional que recibi\u00f3 en 2019 el opositor Juan Guaid\u00f3, actualmente exiliado en Estados Unidos tras una fallida ofensiva para desplazar al gobernante socialista.<\/p>\n<p id=\"p610388-m3534-13-3535\" class=\"parrafo\" style=\"text-align: justify;\">Tild\u00f3 a Gonz\u00e1lez Urrutia de \u00abGuaid\u00f3 2.0\u00bb. Guaid\u00f3, entonces jefe del Parlamento, fue reconocido como \u00abpresidente interino\u00bb por Washington y<b>\u00a0medio centenar de gobiernos que consideraron fraudulenta la reelecci\u00f3n de Maduro en 2018<\/b>, en comicios boicoteados por la oposici\u00f3n.<\/p>\n<\/div>\n<p>Fuente: EFE<\/p>\n","protected":false},"excerpt":{"rendered":"<p>La Uni\u00f3n Europea elev\u00f3\u00a0 la presi\u00f3n internacional sobre el presidente venezolano Nicol\u00e1s Maduro, al unirse<\/p>\n","protected":false},"author":4,"featured_media":0,"comment_status":"open","ping_status":"open","sticky":false,"template":"","format":"standard","meta":{"footnotes":""},"categories":[16],"tags":[],"class_list":["post-22306","post","type-post","status-publish","format-standard","hentry","category-internacionales"],"_links":{"self":[{"href":"https:\/\/defrentealaverdad.com\/index.php\/wp-json\/wp\/v2\/posts\/22306","targetHints":{"allow":["GET"]}}],"collection":[{"href":"https:\/\/defrentealaverdad.com\/index.php\/wp-json\/wp\/v2\/posts"}],"about":[{"href":"https:\/\/defrentealaverdad.com\/index.php\/wp-json\/wp\/v2\/types\/post"}],"author":[{"embeddable":true,"href":"https:\/\/defrentealaverdad.com\/index.php\/wp-json\/wp\/v2\/users\/4"}],"replies":[{"embeddable":true,"href":"https:\/\/defrentealaverdad.com\/index.php\/wp-json\/wp\/v2\/comments?post=22306"}],"version-history":[{"count":1,"href":"https:\/\/defrentealaverdad.com\/index.php\/wp-json\/wp\/v2\/posts\/22306\/revisions"}],"predecessor-version":[{"id":22307,"href":"https:\/\/defrentealaverdad.com\/index.php\/wp-json\/wp\/v2\/posts\/22306\/revisions\/22307"}],"wp:attachment":[{"href":"https:\/\/defrentealaverdad.com\/index.php\/wp-json\/wp\/v2\/media?parent=22306"}],"wp:term":[{"taxonomy":"category","embeddable":true,"href":"https:\/\/defrentealaverdad.com\/index.php\/wp-json\/wp\/v2\/categories?post=22306"},{"taxonomy":"post_tag","embeddable":true,"href":"https:\/\/defrentealaverdad.com\/index.php\/wp-json\/wp\/v2\/tags?post=22306"}],"curies":[{"name":"wp","href":"https:\/\/api.w.org\/{rel}","templated":true}]}}