{"id":22278,"date":"2024-08-05T14:40:47","date_gmt":"2024-08-05T14:40:47","guid":{"rendered":"https:\/\/defrentealaverdad.com\/?p=22278"},"modified":"2024-08-05T14:40:47","modified_gmt":"2024-08-05T14:40:47","slug":"raquel-pena-insta-a-maestros-a-evaluar-su-desempeno-a-traves-del-progreso-de-sus-estudiantes","status":"publish","type":"post","link":"https:\/\/defrentealaverdad.com\/index.php\/2024\/08\/05\/raquel-pena-insta-a-maestros-a-evaluar-su-desempeno-a-traves-del-progreso-de-sus-estudiantes\/","title":{"rendered":"Raquel Pe\u00f1a insta a maestros a evaluar su desempe\u00f1o a trav\u00e9s del progreso de sus estudiantes"},"content":{"rendered":"<div class=\"laterales position-relative container d-none d-md-block\">\n<div class=\"lateral r position-absolute ps-3\">\n<div id=\"div-gpt-ad-1579108624830-0\" class=\"border\" data-google-query-id=\"CIf4_pyK3ocDFduMywEdCHE2Lw\"><\/div>\n<\/div>\n<\/div>\n<p><main id=\"primary\" class=\"site-main\"><\/p>\n<div class=\"container\">\n<article id=\"post-2342943\" class=\"noticia-detalle post-2342943 post type-post status-publish format-standard has-post-thumbnail hentry category-nacionales category-portada\">\n<div class=\"row gx-4 mt-md-4 mt-3\">\n<div class=\"col-lg-12 mb-md-4 mb-0\">\n<header class=\"entry-header\">\n<div class=\"entry-meta  border-top pt-2 mb-0 mt-3\">\n<div class=\"row\">\n<div class=\"col-lg-4 col-12 col-md-4 text-lg-end\"><a class=\"position-relative d-block lightbox_trigger\" href=\"https:\/\/i0.wp.com\/nuevodiario-assets.s3.us-east-2.amazonaws.com\/wp-content\/uploads\/2024\/08\/04145306\/WhatsApp-Image-2024-08-04-at-12.43.17-PM-4.jpeg?fit=1280%2C819&amp;quality=100&amp;ssl=1\"><img decoding=\"async\" class=\"img-fluid border lazyload loaded\" src=\"https:\/\/i0.wp.com\/nuevodiario-assets.s3.us-east-2.amazonaws.com\/wp-content\/uploads\/2024\/08\/04145306\/WhatsApp-Image-2024-08-04-at-12.43.17-PM-4.jpeg?fit=719%2C460&amp;quality=100&amp;ssl=1\" alt=\"Raquel Pe\u00f1a insta a maestros a evaluar su desempe\u00f1o a trav\u00e9s del progreso de sus estudiantes\" width=\"760\" data-src=\"https:\/\/i0.wp.com\/nuevodiario-assets.s3.us-east-2.amazonaws.com\/wp-content\/uploads\/2024\/08\/04145306\/WhatsApp-Image-2024-08-04-at-12.43.17-PM-4.jpeg?fit=719%2C460&amp;quality=100&amp;ssl=1\" data-was-processed=\"true\" \/><\/a><\/div>\n<\/div>\n<\/div>\n<\/header>\n<\/div>\n<div class=\"col-lg-8 position-relative\">\n<div class=\"entry-content mt-md-4 mt-3\">\n<p>VALVERDE. -La vicepresidenta Raquel Pe\u00f1a inst\u00f3 este domingo a los maestros, a evaluar su desempe\u00f1o a trav\u00e9s del progreso de sus estudiantes.<\/p>\n<div class=\"banner-contenido text-center d-none d-md-block mb-4\">\n<div id=\"div-gpt-ad-1705691576428-0\" class=\"border d-inline-block\" data-google-query-id=\"CJODgJ2K3ocDFWSuywEd5awThA\">\n<blockquote>\n<div id=\"google_ads_iframe_\/173239197\/Banner_Noticia_Contenido_Nuevo_300x250_0__container__\">\u00abComo profesores, vamos a tratar de que antes de que termine un a\u00f1o escolar, hacernos autoevaluaci\u00f3n nosotros a trav\u00e9s de los ni\u00f1os, a trav\u00e9s de ver si est\u00e1n avanzando, a trav\u00e9s de ver si est\u00e1n aprendiendo lo que realmente les toca aprender y para lo que me han contratado y dedico mi coraz\u00f3n, mi alma y esfuerzos\u00bb, as\u00ed se expres\u00f3 la vicemandataria\u00a0 durante la inauguraci\u00f3n del nuevo liceo Profesor Sim\u00f3n Rafael Mor\u00f3n Qui\u00f1ones, en Valverde Mao, con capacidad para 245 estudiantes del Distrito Educativo 09-05 de Laguna Salada.<\/div>\n<\/blockquote>\n<\/div>\n<\/div>\n<p style=\"text-align: justify;\">Informaron en una nota de prensa que este nuevo plantel escolar cont\u00f3 con una inversi\u00f3n de RD$56,796,666.48 y posee 7 aulas est\u00e1ndar, oficinas administrativas, laboratorio de ciencias, enfermer\u00eda, aula de educaci\u00f3n espec\u00edfica, sal\u00f3n de profesores, biblioteca, \u00e1rea de juegos infantiles, plaza c\u00edvica y cancha con gradas, entre otras facilidades.<\/p>\n<p style=\"text-align: justify;\"><img decoding=\"async\" class=\"not-transparent size-full wp-image-2342986 aligncenter lazyload\" data-src=\"https:\/\/i0.wp.com\/nuevodiario-assets.s3.us-east-2.amazonaws.com\/wp-content\/uploads\/2024\/08\/04170024\/WhatsApp-Image-2024-08-04-at-2.52.33-PM-scaled.jpeg?resize=640%2C427&amp;quality=100&amp;ssl=1\" data-sizes=\"(max-width: 640px) 100vw, 640px\" data-srcset=\"https:\/\/i0.wp.com\/nuevodiario-assets.s3.us-east-2.amazonaws.com\/wp-content\/uploads\/2024\/08\/04170024\/WhatsApp-Image-2024-08-04-at-2.52.33-PM-scaled.jpeg?resize=640%2C427&amp;quality=100&amp;ssl=1 2560w, https:\/\/i0.wp.com\/nuevodiario-assets.s3.us-east-2.amazonaws.com\/wp-content\/uploads\/2024\/08\/04170024\/WhatsApp-Image-2024-08-04-at-2.52.33-PM-scaled.jpeg?resize=640%2C427&amp;quality=100&amp;ssl=1 400w, https:\/\/i0.wp.com\/nuevodiario-assets.s3.us-east-2.amazonaws.com\/wp-content\/uploads\/2024\/08\/04170024\/WhatsApp-Image-2024-08-04-at-2.52.33-PM-scaled.jpeg?resize=640%2C427&amp;quality=100&amp;ssl=1 1024w, https:\/\/i0.wp.com\/nuevodiario-assets.s3.us-east-2.amazonaws.com\/wp-content\/uploads\/2024\/08\/04170024\/WhatsApp-Image-2024-08-04-at-2.52.33-PM-scaled.jpeg?resize=640%2C427&amp;quality=100&amp;ssl=1 768w, https:\/\/i0.wp.com\/nuevodiario-assets.s3.us-east-2.amazonaws.com\/wp-content\/uploads\/2024\/08\/04170024\/WhatsApp-Image-2024-08-04-at-2.52.33-PM-scaled.jpeg?resize=640%2C427&amp;quality=100&amp;ssl=1 1536w, https:\/\/i0.wp.com\/nuevodiario-assets.s3.us-east-2.amazonaws.com\/wp-content\/uploads\/2024\/08\/04170024\/WhatsApp-Image-2024-08-04-at-2.52.33-PM-scaled.jpeg?resize=640%2C427&amp;quality=100&amp;ssl=1 2048w, https:\/\/i0.wp.com\/nuevodiario-assets.s3.us-east-2.amazonaws.com\/wp-content\/uploads\/2024\/08\/04170024\/WhatsApp-Image-2024-08-04-at-2.52.33-PM-scaled.jpeg?resize=640%2C427&amp;quality=100&amp;ssl=1 1280w, https:\/\/i0.wp.com\/nuevodiario-assets.s3.us-east-2.amazonaws.com\/wp-content\/uploads\/2024\/08\/04170024\/WhatsApp-Image-2024-08-04-at-2.52.33-PM-scaled.jpeg?resize=640%2C427&amp;quality=100&amp;ssl=1 1920w\" alt=\"\" width=\"640\" height=\"427\" data-dominant-color=\"7d7d80\" data-has-transparency=\"false\" data-recalc-dims=\"1\" src=\"data:image\/svg+xml;base64,PHN2ZyB3aWR0aD0iMSIgaGVpZ2h0PSIxIiB4bWxucz0iaHR0cDovL3d3dy53My5vcmcvMjAwMC9zdmciPjwvc3ZnPg==\" style=\"--smush-placeholder-width: 640px; --smush-placeholder-aspect-ratio: 640\/427;\" \/><\/p>\n<div class=\"banner-contenido text-center d-none d-md-block\">\n<div id=\"div-gpt-ad-1565023948978-0\" class=\"d-inline-block border mt-1 mb-4\" data-google-query-id=\"CI2TlJ6K3ocDFYyuywEdZp8LsQ\">\n<div id=\"google_ads_iframe_\/173239197\/Banner_Noticia_5_Nuevo_728x90_0__container__\" style=\"text-align: justify;\">Al encabezar el acto de inauguraci\u00f3n, la vicepresidenta de la Rep\u00fablica, Raquel Pe\u00f1a, explic\u00f3 que cada esfuerzo, cada reforma y cada inversi\u00f3n que el Gobierno realiza est\u00e1 dirigida a proporcionar a los estudiantes las mejores oportunidades para que sigan desarrollando su potencial.<\/div>\n<\/div>\n<\/div>\n<div class=\"wordads-ad-wrapper\">\n<div id=\"atatags-1292744325-20846\"><\/div>\n<\/div>\n<p><img decoding=\"async\" class=\"not-transparent size-full wp-image-2342947 aligncenter lazyload\" data-src=\"https:\/\/i0.wp.com\/nuevodiario-assets.s3.us-east-2.amazonaws.com\/wp-content\/uploads\/2024\/08\/04145446\/WhatsApp-Image-2024-08-04-at-12.43.17-PM-2.jpeg?resize=640%2C444&amp;quality=100&amp;ssl=1\" data-sizes=\"(max-width: 640px) 100vw, 640px\" data-srcset=\"https:\/\/i0.wp.com\/nuevodiario-assets.s3.us-east-2.amazonaws.com\/wp-content\/uploads\/2024\/08\/04145446\/WhatsApp-Image-2024-08-04-at-12.43.17-PM-2.jpeg?resize=640%2C444&amp;quality=100&amp;ssl=1 1280w, https:\/\/i0.wp.com\/nuevodiario-assets.s3.us-east-2.amazonaws.com\/wp-content\/uploads\/2024\/08\/04145446\/WhatsApp-Image-2024-08-04-at-12.43.17-PM-2.jpeg?resize=640%2C444&amp;quality=100&amp;ssl=1 400w, https:\/\/i0.wp.com\/nuevodiario-assets.s3.us-east-2.amazonaws.com\/wp-content\/uploads\/2024\/08\/04145446\/WhatsApp-Image-2024-08-04-at-12.43.17-PM-2.jpeg?resize=640%2C444&amp;quality=100&amp;ssl=1 1024w, https:\/\/i0.wp.com\/nuevodiario-assets.s3.us-east-2.amazonaws.com\/wp-content\/uploads\/2024\/08\/04145446\/WhatsApp-Image-2024-08-04-at-12.43.17-PM-2.jpeg?resize=640%2C444&amp;quality=100&amp;ssl=1 768w\" alt=\"\" width=\"640\" height=\"444\" data-dominant-color=\"9ea0a2\" data-has-transparency=\"false\" data-recalc-dims=\"1\" src=\"data:image\/svg+xml;base64,PHN2ZyB3aWR0aD0iMSIgaGVpZ2h0PSIxIiB4bWxucz0iaHR0cDovL3d3dy53My5vcmcvMjAwMC9zdmciPjwvc3ZnPg==\" style=\"--smush-placeholder-width: 640px; --smush-placeholder-aspect-ratio: 640\/444;\" \/><\/p>\n<p style=\"text-align: justify;\">Sostuvo que el modelo educativo que impulsa el presidente Luis Abinader, tiene entre sus metas no s\u00f3lo incrementar el n\u00famero de aulas, sino seguir garantizando a la ni\u00f1ez y a la juventud una educaci\u00f3n de calidad.<\/p>\n<p style=\"text-align: justify;\">Entre las iniciativas que se est\u00e1n implementando para fortalecer la educaci\u00f3n, Pe\u00f1a cit\u00f3 el Proyecto Libro Abierto, la implementaci\u00f3n del Transporte Escolar TRAE y la formaci\u00f3n continua de los maestros.<\/p>\n<p><img decoding=\"async\" class=\"not-transparent size-full wp-image-2342948 aligncenter lazyload\" data-src=\"https:\/\/i0.wp.com\/nuevodiario-assets.s3.us-east-2.amazonaws.com\/wp-content\/uploads\/2024\/08\/04145453\/WhatsApp-Image-2024-08-04-at-12.43.17-PM-1.jpeg?resize=640%2C367&amp;quality=100&amp;ssl=1\" data-sizes=\"(max-width: 640px) 100vw, 640px\" data-srcset=\"https:\/\/i0.wp.com\/nuevodiario-assets.s3.us-east-2.amazonaws.com\/wp-content\/uploads\/2024\/08\/04145453\/WhatsApp-Image-2024-08-04-at-12.43.17-PM-1.jpeg?resize=640%2C367&amp;quality=100&amp;ssl=1 1280w, https:\/\/i0.wp.com\/nuevodiario-assets.s3.us-east-2.amazonaws.com\/wp-content\/uploads\/2024\/08\/04145453\/WhatsApp-Image-2024-08-04-at-12.43.17-PM-1.jpeg?resize=640%2C367&amp;quality=100&amp;ssl=1 400w, https:\/\/i0.wp.com\/nuevodiario-assets.s3.us-east-2.amazonaws.com\/wp-content\/uploads\/2024\/08\/04145453\/WhatsApp-Image-2024-08-04-at-12.43.17-PM-1.jpeg?resize=640%2C367&amp;quality=100&amp;ssl=1 1024w, https:\/\/i0.wp.com\/nuevodiario-assets.s3.us-east-2.amazonaws.com\/wp-content\/uploads\/2024\/08\/04145453\/WhatsApp-Image-2024-08-04-at-12.43.17-PM-1.jpeg?resize=640%2C367&amp;quality=100&amp;ssl=1 768w\" alt=\"\" width=\"640\" height=\"367\" data-dominant-color=\"929b99\" data-has-transparency=\"false\" data-recalc-dims=\"1\" src=\"data:image\/svg+xml;base64,PHN2ZyB3aWR0aD0iMSIgaGVpZ2h0PSIxIiB4bWxucz0iaHR0cDovL3d3dy53My5vcmcvMjAwMC9zdmciPjwvc3ZnPg==\" style=\"--smush-placeholder-width: 640px; --smush-placeholder-aspect-ratio: 640\/367;\" \/><\/p>\n<p style=\"text-align: justify;\">Tambi\u00e9n mencion\u00f3 algunos de los objetivos que el jefe del Estado tiene en el \u00e1mbito educativo. \u201cUna educaci\u00f3n que incluya los conocimientos indispensables del saber contempor\u00e1neo, valores para la vida, pero sobre todo, ese amor profundo a la patria, son algunos de los objetivos que tiene el presidente Abinader para la educaci\u00f3n\u201d, dijo.<\/p>\n<p style=\"text-align: justify;\">Durante la actividad, el viceministro de Supervisi\u00f3n, Evaluaci\u00f3n y Control de la Calidad, \u00d3scar Amarg\u00f3s explic\u00f3 que con la construcci\u00f3n de este nuevo liceo, los estudiantes iniciar\u00e1n el a\u00f1o escolar con entusiasmo y dispondr\u00e1n de todos los materiales, as\u00ed como de los libros de texto que requieren para recibir nuevos conocimientos\u201d.<\/p>\n<p><img decoding=\"async\" class=\"not-transparent size-full wp-image-2342946 aligncenter lazyload\" data-src=\"https:\/\/i0.wp.com\/nuevodiario-assets.s3.us-east-2.amazonaws.com\/wp-content\/uploads\/2024\/08\/04145437\/WhatsApp-Image-2024-08-04-at-12.43.17-PM-3.jpeg?resize=640%2C437&amp;quality=100&amp;ssl=1\" data-sizes=\"(max-width: 640px) 100vw, 640px\" data-srcset=\"https:\/\/i0.wp.com\/nuevodiario-assets.s3.us-east-2.amazonaws.com\/wp-content\/uploads\/2024\/08\/04145437\/WhatsApp-Image-2024-08-04-at-12.43.17-PM-3.jpeg?resize=640%2C437&amp;quality=100&amp;ssl=1 1280w, https:\/\/i0.wp.com\/nuevodiario-assets.s3.us-east-2.amazonaws.com\/wp-content\/uploads\/2024\/08\/04145437\/WhatsApp-Image-2024-08-04-at-12.43.17-PM-3.jpeg?resize=640%2C437&amp;quality=100&amp;ssl=1 400w, https:\/\/i0.wp.com\/nuevodiario-assets.s3.us-east-2.amazonaws.com\/wp-content\/uploads\/2024\/08\/04145437\/WhatsApp-Image-2024-08-04-at-12.43.17-PM-3.jpeg?resize=640%2C437&amp;quality=100&amp;ssl=1 1024w, https:\/\/i0.wp.com\/nuevodiario-assets.s3.us-east-2.amazonaws.com\/wp-content\/uploads\/2024\/08\/04145437\/WhatsApp-Image-2024-08-04-at-12.43.17-PM-3.jpeg?resize=640%2C437&amp;quality=100&amp;ssl=1 768w\" alt=\"\" width=\"640\" height=\"437\" data-dominant-color=\"a09699\" data-has-transparency=\"false\" data-recalc-dims=\"1\" src=\"data:image\/svg+xml;base64,PHN2ZyB3aWR0aD0iMSIgaGVpZ2h0PSIxIiB4bWxucz0iaHR0cDovL3d3dy53My5vcmcvMjAwMC9zdmciPjwvc3ZnPg==\" style=\"--smush-placeholder-width: 640px; --smush-placeholder-aspect-ratio: 640\/437;\" \/><\/p>\n<div class=\"wordads-ad-wrapper\" style=\"text-align: justify;\">\n<div id=\"atatags-1292744325-889682\" style=\"text-align: justify;\"><span style=\"text-align: justify;\">\u201cEl compromiso del Minerd es continuar cambiando el pa\u00eds desde las aulas\u201d, precis\u00f3 el viceministro Amarg\u00f3s, para luego a\u00f1adir que todo est\u00e1 listo para que en el nuevo per\u00edodo escolar no quede ning\u00fan ni\u00f1o sin recibir el pan de la ense\u00f1anza.<\/span><\/div>\n<\/div>\n<p style=\"text-align: justify;\">La estudiante Patricia Pineda agradeci\u00f3 a la vicepresidenta Raquel Pe\u00f1a y al ministro de Educaci\u00f3n, \u00c1ngel Hern\u00e1ndez, por la construcci\u00f3n del liceo, que brindar\u00e1 un entorno seguro y de calidad para el aprendizaje.<\/p>\n<p style=\"text-align: justify;\">A la actividad tambi\u00e9n asistieron estudiantes, docentes, personal de apoyo, de la Polic\u00eda Escolar, padres, madres y tutores, representantes del sector educativo, senadores y diputados, entre otras autoridades.<\/p>\n<\/div>\n<\/div>\n<p>Fuente: Nuevo Diario<\/p>\n<\/div>\n<\/article>\n<\/div>\n<p><\/main><\/p>\n","protected":false},"excerpt":{"rendered":"<p>VALVERDE. -La vicepresidenta Raquel Pe\u00f1a inst\u00f3 este domingo a los maestros, a evaluar su desempe\u00f1o<\/p>\n","protected":false},"author":1,"featured_media":0,"comment_status":"open","ping_status":"open","sticky":false,"template":"","format":"standard","meta":{"footnotes":""},"categories":[7],"tags":[],"class_list":["post-22278","post","type-post","status-publish","format-standard","hentry","category-nacionales"],"_links":{"self":[{"href":"https:\/\/defrentealaverdad.com\/index.php\/wp-json\/wp\/v2\/posts\/22278","targetHints":{"allow":["GET"]}}],"collection":[{"href":"https:\/\/defrentealaverdad.com\/index.php\/wp-json\/wp\/v2\/posts"}],"about":[{"href":"https:\/\/defrentealaverdad.com\/index.php\/wp-json\/wp\/v2\/types\/post"}],"author":[{"embeddable":true,"href":"https:\/\/defrentealaverdad.com\/index.php\/wp-json\/wp\/v2\/users\/1"}],"replies":[{"embeddable":true,"href":"https:\/\/defrentealaverdad.com\/index.php\/wp-json\/wp\/v2\/comments?post=22278"}],"version-history":[{"count":1,"href":"https:\/\/defrentealaverdad.com\/index.php\/wp-json\/wp\/v2\/posts\/22278\/revisions"}],"predecessor-version":[{"id":22279,"href":"https:\/\/defrentealaverdad.com\/index.php\/wp-json\/wp\/v2\/posts\/22278\/revisions\/22279"}],"wp:attachment":[{"href":"https:\/\/defrentealaverdad.com\/index.php\/wp-json\/wp\/v2\/media?parent=22278"}],"wp:term":[{"taxonomy":"category","embeddable":true,"href":"https:\/\/defrentealaverdad.com\/index.php\/wp-json\/wp\/v2\/categories?post=22278"},{"taxonomy":"post_tag","embeddable":true,"href":"https:\/\/defrentealaverdad.com\/index.php\/wp-json\/wp\/v2\/tags?post=22278"}],"curies":[{"name":"wp","href":"https:\/\/api.w.org\/{rel}","templated":true}]}}