{"id":22274,"date":"2024-08-05T14:37:30","date_gmt":"2024-08-05T14:37:30","guid":{"rendered":"https:\/\/defrentealaverdad.com\/?p=22274"},"modified":"2024-08-05T14:37:30","modified_gmt":"2024-08-05T14:37:30","slug":"nicolas-maduro-acusa-a-redes-sociales-de-fomentar-el-odio-y-dividir-a-los-venezolanos","status":"publish","type":"post","link":"https:\/\/defrentealaverdad.com\/index.php\/2024\/08\/05\/nicolas-maduro-acusa-a-redes-sociales-de-fomentar-el-odio-y-dividir-a-los-venezolanos\/","title":{"rendered":"Nicol\u00e1s Maduro acusa a redes sociales de fomentar el odio y dividir a los Venezolanos"},"content":{"rendered":"<header class=\"entry-header\"><\/header>\n<figure class=\"post-thumbnail\" style=\"text-align: justify;\"><img decoding=\"async\" class=\"post-thumbnail__img wp-post-image lazyload\" data-src=\"https:\/\/robertocavada.com\/wp-content\/uploads\/2024\/08\/1236-770x540.jpg\" alt=\"Nicol\u00e1s Maduro acusa a redes sociales de fomentar el odio y dividir a los Venezolanos\" width=\"770\" height=\"540\" src=\"data:image\/svg+xml;base64,PHN2ZyB3aWR0aD0iMSIgaGVpZ2h0PSIxIiB4bWxucz0iaHR0cDovL3d3dy53My5vcmcvMjAwMC9zdmciPjwvc3ZnPg==\" style=\"--smush-placeholder-width: 770px; --smush-placeholder-aspect-ratio: 770\/540;\" \/><\/figure>\n<div class=\"entry-content\">\n<div id=\"st-1\" class=\"sharethis-inline-share-buttons st-center st-lang-es st-has-labels  st-inline-share-buttons st-animated\" style=\"text-align: justify;\">\n<div class=\"st-btn st-last st-remove-label\" data-network=\"whatsapp\">En un reciente discurso, el presidente de Venezuela, Nicol\u00e1s Maduro, ha lanzado una contundente acusaci\u00f3n contra las redes sociales, en particular TikTok e Instagram, por presuntamente intentar dividir a los venezolanos en el contexto de las elecciones nacionales.<\/div>\n<\/div>\n<p style=\"text-align: justify;\">Maduro afirm\u00f3 que estas plataformas est\u00e1n siendo utilizadas para difundir mensajes de odio y desinformaci\u00f3n con el objetivo de manipular la opini\u00f3n p\u00fablica y exacerbar las tensiones entre los ciudadanos. \u201cTikTok e Instagram se han convertido en herramientas de guerra psicol\u00f3gica\u201d, dijo el mandatario en un acto oficial, subrayando que la propaganda negativa y las campa\u00f1as de desinformaci\u00f3n en estas redes sociales est\u00e1n alimentando la divisi\u00f3n social en el pa\u00eds.<\/p>\n<p style=\"text-align: justify;\">El presidente no proporcion\u00f3 detalles espec\u00edficos sobre las pruebas de estas acusaciones, pero hizo un llamado a las autoridades y a los ciudadanos para que permanezcan vigilantes ante lo que \u00e9l considera un intento de influir negativamente en el proceso electoral. Tambi\u00e9n solicit\u00f3 a la comunidad internacional que intervenga para garantizar un entorno electoral justo y libre de manipulaciones externas.<\/p>\n<p style=\"text-align: justify;\">Por su parte, representantes de TikTok e Instagram han rechazado las acusaciones, destacando sus esfuerzos continuos para combatir la desinformaci\u00f3n y mantener la integridad de sus plataformas. Ambas compa\u00f1\u00edas afirmaron que est\u00e1n comprometidas con la transparencia y que trabajan en estrecha colaboraci\u00f3n con las autoridades para enfrentar cualquier contenido que viole sus pol\u00edticas.<\/p>\n<p style=\"text-align: justify;\">Este conflicto pone de manifiesto la creciente preocupaci\u00f3n en Venezuela sobre el impacto de las redes sociales en el panorama pol\u00edtico y social del pa\u00eds. A medida que se acercan las elecciones, se espera que el debate sobre el papel de estas plataformas en la pol\u00edtica venezolana contin\u00fae siendo un tema central.<\/p>\n<\/div>\n<p>&nbsp;<\/p>\n<p>Fuente: RC Noticias<\/p>\n","protected":false},"excerpt":{"rendered":"<p>En un reciente discurso, el presidente de Venezuela, Nicol\u00e1s Maduro, ha lanzado una contundente acusaci\u00f3n<\/p>\n","protected":false},"author":1,"featured_media":0,"comment_status":"open","ping_status":"open","sticky":false,"template":"","format":"standard","meta":{"footnotes":""},"categories":[16],"tags":[],"class_list":["post-22274","post","type-post","status-publish","format-standard","hentry","category-internacionales"],"_links":{"self":[{"href":"https:\/\/defrentealaverdad.com\/index.php\/wp-json\/wp\/v2\/posts\/22274","targetHints":{"allow":["GET"]}}],"collection":[{"href":"https:\/\/defrentealaverdad.com\/index.php\/wp-json\/wp\/v2\/posts"}],"about":[{"href":"https:\/\/defrentealaverdad.com\/index.php\/wp-json\/wp\/v2\/types\/post"}],"author":[{"embeddable":true,"href":"https:\/\/defrentealaverdad.com\/index.php\/wp-json\/wp\/v2\/users\/1"}],"replies":[{"embeddable":true,"href":"https:\/\/defrentealaverdad.com\/index.php\/wp-json\/wp\/v2\/comments?post=22274"}],"version-history":[{"count":1,"href":"https:\/\/defrentealaverdad.com\/index.php\/wp-json\/wp\/v2\/posts\/22274\/revisions"}],"predecessor-version":[{"id":22275,"href":"https:\/\/defrentealaverdad.com\/index.php\/wp-json\/wp\/v2\/posts\/22274\/revisions\/22275"}],"wp:attachment":[{"href":"https:\/\/defrentealaverdad.com\/index.php\/wp-json\/wp\/v2\/media?parent=22274"}],"wp:term":[{"taxonomy":"category","embeddable":true,"href":"https:\/\/defrentealaverdad.com\/index.php\/wp-json\/wp\/v2\/categories?post=22274"},{"taxonomy":"post_tag","embeddable":true,"href":"https:\/\/defrentealaverdad.com\/index.php\/wp-json\/wp\/v2\/tags?post=22274"}],"curies":[{"name":"wp","href":"https:\/\/api.w.org\/{rel}","templated":true}]}}