{"id":22261,"date":"2024-08-05T13:16:38","date_gmt":"2024-08-05T13:16:38","guid":{"rendered":"https:\/\/defrentealaverdad.com\/?p=22261"},"modified":"2024-08-05T13:16:38","modified_gmt":"2024-08-05T13:16:38","slug":"foro-de-copardom-tratara-este-martes-sobre-las-pensiones","status":"publish","type":"post","link":"https:\/\/defrentealaverdad.com\/index.php\/2024\/08\/05\/foro-de-copardom-tratara-este-martes-sobre-las-pensiones\/","title":{"rendered":"Foro de Copardom tratar\u00e1 este martes sobre las pensiones"},"content":{"rendered":"<blockquote>\n<p style=\"text-align: justify;\">El evento busca crear un di\u00e1logo sobre su importancia en la econom\u00eda nacional.<\/p>\n<\/blockquote>\n<p style=\"text-align: justify;\">Santo Domingo, Rep. Dom.- La Confederaci\u00f3n Patronal de la Rep\u00fablica Dominicana (COPARDOM) anunci\u00f3 la celebraci\u00f3n de su foro \u00abPensiones: pilar del bienestar y motor del desarrollo\u00bb, el cual se llevar\u00e1 a cabo el martes 6 de agosto a las 8:30 de la ma\u00f1ana, en el sal\u00f3n Churchill del Hotel Real Intercontinental, en la avenida Winston Churchill.<\/p>\n<p><img decoding=\"async\" class=\"size-medium wp-image-22262 alignleft lazyload\" data-src=\"https:\/\/defrentealaverdad.com\/wp-content\/uploads\/2024\/08\/IMG-20240805-WA0026-200x300.jpg\" alt=\"\" width=\"200\" height=\"300\" data-srcset=\"https:\/\/defrentealaverdad.com\/wp-content\/uploads\/2024\/08\/IMG-20240805-WA0026-200x300.jpg 200w, https:\/\/defrentealaverdad.com\/wp-content\/uploads\/2024\/08\/IMG-20240805-WA0026-683x1024.jpg 683w, https:\/\/defrentealaverdad.com\/wp-content\/uploads\/2024\/08\/IMG-20240805-WA0026-768x1151.jpg 768w, https:\/\/defrentealaverdad.com\/wp-content\/uploads\/2024\/08\/IMG-20240805-WA0026.jpg 854w\" data-sizes=\"(max-width: 200px) 100vw, 200px\" src=\"data:image\/svg+xml;base64,PHN2ZyB3aWR0aD0iMSIgaGVpZ2h0PSIxIiB4bWxucz0iaHR0cDovL3d3dy53My5vcmcvMjAwMC9zdmciPjwvc3ZnPg==\" style=\"--smush-placeholder-width: 200px; --smush-placeholder-aspect-ratio: 200\/300;\" \/><\/p>\n<p style=\"text-align: justify;\">El evento iniciar\u00e1 con las palabras de Laura Pe\u00f1a Izquierdo y Pedro Rodr\u00edguez, presidenta y vicepresidente ejecutivo de la Copardom, respectivamente, e intervendr\u00e1n destacados expositores del sector p\u00fablico y privado analizar\u00e1n los retos y oportunidades del sistema de pensiones, as\u00ed como su impacto en el bienestar de los dominicanos y el desarrollo del pa\u00eds.<\/p>\n<p style=\"text-align: justify;\">Este foro contar\u00e1 con la participaci\u00f3n del Francisco Torres, Superintendente de Pensiones, quien ofrecer\u00e1 una charla magistral sobre el sistema de pensiones en la Rep\u00fablica Dominicana; y Kirsis J\u00e1quez, presidente de la Asociaci\u00f3n Dominicana de Administradoras de Fondos de Pensiones (ADAF); Ra\u00fal Hoyo, presidente del consejo de administraci\u00f3n de Alio y Mapfre ARS.<img decoding=\"async\" class=\"size-medium wp-image-22263 alignright lazyload\" data-src=\"https:\/\/defrentealaverdad.com\/wp-content\/uploads\/2024\/08\/IMG-20240805-WA0025-300x200.jpg\" alt=\"\" width=\"300\" height=\"200\" data-srcset=\"https:\/\/defrentealaverdad.com\/wp-content\/uploads\/2024\/08\/IMG-20240805-WA0025-300x200.jpg 300w, https:\/\/defrentealaverdad.com\/wp-content\/uploads\/2024\/08\/IMG-20240805-WA0025-1024x683.jpg 1024w, https:\/\/defrentealaverdad.com\/wp-content\/uploads\/2024\/08\/IMG-20240805-WA0025-768x512.jpg 768w, https:\/\/defrentealaverdad.com\/wp-content\/uploads\/2024\/08\/IMG-20240805-WA0025.jpg 1280w\" data-sizes=\"(max-width: 300px) 100vw, 300px\" src=\"data:image\/svg+xml;base64,PHN2ZyB3aWR0aD0iMSIgaGVpZ2h0PSIxIiB4bWxucz0iaHR0cDovL3d3dy53My5vcmcvMjAwMC9zdmciPjwvc3ZnPg==\" style=\"--smush-placeholder-width: 300px; --smush-placeholder-aspect-ratio: 300\/200;\" \/><\/p>\n<p style=\"text-align: justify;\">Adem\u00e1s, intervendr\u00e1n Rhaisa Gonz\u00e1lez, segunda vicepresidenta legal y directora de la consultor\u00eda jur\u00eddica Mapfre BHD Seguros, Nieves Ramos, directora de recursos humanos del Grupo SID, y Christy Luciano, vicepresidenta de comunicaciones y sostenibilidad del Grupo Universal.<\/p>\n<p style=\"text-align: justify;\">El foro est\u00e1 dirigido a empresarios, representantes del sector p\u00fablico, expertos en pensiones, acad\u00e9micos y p\u00fablico en general interesado en conocer m\u00e1s sobre el sistema de pensiones y su importancia para el pa\u00eds.<\/p>\n<p style=\"text-align: justify;\">Para m\u00e1s informaci\u00f3n e inscripciones, los interesados pueden contactar a COPARDOM a trav\u00e9s del correo electr\u00f3nico copardom@copardom.org o los tel\u00e9fonos 809-683-0013-16-27.<\/p>\n<p>Fuente: COPARDOM<\/p>\n","protected":false},"excerpt":{"rendered":"<p>El evento busca crear un di\u00e1logo sobre su importancia en la econom\u00eda nacional. Santo Domingo,<\/p>\n","protected":false},"author":2,"featured_media":0,"comment_status":"open","ping_status":"open","sticky":false,"template":"","format":"standard","meta":{"footnotes":""},"categories":[7],"tags":[],"class_list":["post-22261","post","type-post","status-publish","format-standard","hentry","category-nacionales"],"_links":{"self":[{"href":"https:\/\/defrentealaverdad.com\/index.php\/wp-json\/wp\/v2\/posts\/22261","targetHints":{"allow":["GET"]}}],"collection":[{"href":"https:\/\/defrentealaverdad.com\/index.php\/wp-json\/wp\/v2\/posts"}],"about":[{"href":"https:\/\/defrentealaverdad.com\/index.php\/wp-json\/wp\/v2\/types\/post"}],"author":[{"embeddable":true,"href":"https:\/\/defrentealaverdad.com\/index.php\/wp-json\/wp\/v2\/users\/2"}],"replies":[{"embeddable":true,"href":"https:\/\/defrentealaverdad.com\/index.php\/wp-json\/wp\/v2\/comments?post=22261"}],"version-history":[{"count":1,"href":"https:\/\/defrentealaverdad.com\/index.php\/wp-json\/wp\/v2\/posts\/22261\/revisions"}],"predecessor-version":[{"id":22264,"href":"https:\/\/defrentealaverdad.com\/index.php\/wp-json\/wp\/v2\/posts\/22261\/revisions\/22264"}],"wp:attachment":[{"href":"https:\/\/defrentealaverdad.com\/index.php\/wp-json\/wp\/v2\/media?parent=22261"}],"wp:term":[{"taxonomy":"category","embeddable":true,"href":"https:\/\/defrentealaverdad.com\/index.php\/wp-json\/wp\/v2\/categories?post=22261"},{"taxonomy":"post_tag","embeddable":true,"href":"https:\/\/defrentealaverdad.com\/index.php\/wp-json\/wp\/v2\/tags?post=22261"}],"curies":[{"name":"wp","href":"https:\/\/api.w.org\/{rel}","templated":true}]}}