{"id":22256,"date":"2024-08-04T01:06:14","date_gmt":"2024-08-04T01:06:14","guid":{"rendered":"https:\/\/defrentealaverdad.com\/?p=22256"},"modified":"2024-08-05T01:08:02","modified_gmt":"2024-08-05T01:08:02","slug":"unesco-rd-y-cdp-entregan-completivo-economico-de-premio-sde-periodismo-a-chino-y-ercilio","status":"publish","type":"post","link":"https:\/\/defrentealaverdad.com\/index.php\/2024\/08\/04\/unesco-rd-y-cdp-entregan-completivo-economico-de-premio-sde-periodismo-a-chino-y-ercilio\/","title":{"rendered":"UNESCO-RD y CDP entregan completivo econ\u00f3mico de premio sde Periodismo a Chino y Ercilio"},"content":{"rendered":"<p><img decoding=\"async\" class=\"size-medium wp-image-22258 alignright lazyload\" data-src=\"https:\/\/defrentealaverdad.com\/wp-content\/uploads\/2024\/08\/IMG-20240804-WA0149-300x225.jpg\" alt=\"\" width=\"300\" height=\"225\" data-srcset=\"https:\/\/defrentealaverdad.com\/wp-content\/uploads\/2024\/08\/IMG-20240804-WA0149-300x225.jpg 300w, https:\/\/defrentealaverdad.com\/wp-content\/uploads\/2024\/08\/IMG-20240804-WA0149-1024x768.jpg 1024w, https:\/\/defrentealaverdad.com\/wp-content\/uploads\/2024\/08\/IMG-20240804-WA0149-768x576.jpg 768w, https:\/\/defrentealaverdad.com\/wp-content\/uploads\/2024\/08\/IMG-20240804-WA0149-1536x1152.jpg 1536w, https:\/\/defrentealaverdad.com\/wp-content\/uploads\/2024\/08\/IMG-20240804-WA0149-720x540.jpg 720w, https:\/\/defrentealaverdad.com\/wp-content\/uploads\/2024\/08\/IMG-20240804-WA0149.jpg 1600w\" data-sizes=\"(max-width: 300px) 100vw, 300px\" src=\"data:image\/svg+xml;base64,PHN2ZyB3aWR0aD0iMSIgaGVpZ2h0PSIxIiB4bWxucz0iaHR0cDovL3d3dy53My5vcmcvMjAwMC9zdmciPjwvc3ZnPg==\" style=\"--smush-placeholder-width: 300px; --smush-placeholder-aspect-ratio: 300\/225;\" \/><\/p>\n<p style=\"text-align: justify;\">SANTO DOMINGO.- Los veteranos periodista Jos\u00e9 Bujosa Mieses (Chino), y Ercilio Veloz Burgos recibieron RD$100,000.00 cada uno, como completivo del Premio de Periodismo a la Libertad de Prensa con el que fueron galardonados.<\/p>\n<p style=\"text-align: justify;\">A Bujosa Mieses se le otorg\u00f3 ese premio en el a\u00f1o 2020 y a Veloz Burgos en el a\u00f1o 2021, cuando recibieron sendas medallas, diplomas y un cheque.<\/p>\n<p style=\"text-align: justify;\">Sin embargo, a partir del a\u00f1o 2022, la dotaci\u00f3n econ\u00f3mica aument\u00f3 significativamente con el auspicio del Banco de Reservas, de lo que no fueron beneficiados Bujosa Mieses ni Veloz Burgos.<\/p>\n<p style=\"text-align: justify;\">De ah\u00ed que Andres L. Mateo, embajador Dominicano en la UNESCO, en Par\u00eds, decidi\u00f3 hacer justicia, y en acuerdo con el Colegio Dominicano de Periodistas (CDP), dispuso la entrega del remanente de RD$100,000.00 a cada uno.<\/p>\n<p style=\"text-align: justify;\">Con ese objetivo se organiz\u00f3 un sencillo acto de entrega, el 31 de agosto, en la sede del CDP, encabezado por Aurelio Henr\u00edquez, presidentes de la instituci\u00f3n, y de Olivo De Le\u00f3n, presidente del Instituto de Previsi\u00f3n y Protecci\u00f3n del Periodista (IPPP)<\/p>\n<p>Fuente: IPPP<\/p>\n","protected":false},"excerpt":{"rendered":"<p>SANTO DOMINGO.- Los veteranos periodista Jos\u00e9 Bujosa Mieses (Chino), y Ercilio Veloz Burgos recibieron RD$100,000.00<\/p>\n","protected":false},"author":1,"featured_media":0,"comment_status":"open","ping_status":"open","sticky":false,"template":"","format":"standard","meta":{"footnotes":""},"categories":[7],"tags":[],"class_list":["post-22256","post","type-post","status-publish","format-standard","hentry","category-nacionales"],"_links":{"self":[{"href":"https:\/\/defrentealaverdad.com\/index.php\/wp-json\/wp\/v2\/posts\/22256","targetHints":{"allow":["GET"]}}],"collection":[{"href":"https:\/\/defrentealaverdad.com\/index.php\/wp-json\/wp\/v2\/posts"}],"about":[{"href":"https:\/\/defrentealaverdad.com\/index.php\/wp-json\/wp\/v2\/types\/post"}],"author":[{"embeddable":true,"href":"https:\/\/defrentealaverdad.com\/index.php\/wp-json\/wp\/v2\/users\/1"}],"replies":[{"embeddable":true,"href":"https:\/\/defrentealaverdad.com\/index.php\/wp-json\/wp\/v2\/comments?post=22256"}],"version-history":[{"count":2,"href":"https:\/\/defrentealaverdad.com\/index.php\/wp-json\/wp\/v2\/posts\/22256\/revisions"}],"predecessor-version":[{"id":22259,"href":"https:\/\/defrentealaverdad.com\/index.php\/wp-json\/wp\/v2\/posts\/22256\/revisions\/22259"}],"wp:attachment":[{"href":"https:\/\/defrentealaverdad.com\/index.php\/wp-json\/wp\/v2\/media?parent=22256"}],"wp:term":[{"taxonomy":"category","embeddable":true,"href":"https:\/\/defrentealaverdad.com\/index.php\/wp-json\/wp\/v2\/categories?post=22256"},{"taxonomy":"post_tag","embeddable":true,"href":"https:\/\/defrentealaverdad.com\/index.php\/wp-json\/wp\/v2\/tags?post=22256"}],"curies":[{"name":"wp","href":"https:\/\/api.w.org\/{rel}","templated":true}]}}