{"id":22229,"date":"2024-08-04T15:50:43","date_gmt":"2024-08-04T15:50:43","guid":{"rendered":"https:\/\/defrentealaverdad.com\/?p=22229"},"modified":"2024-08-04T15:50:43","modified_gmt":"2024-08-04T15:50:43","slug":"inspire-latina-logra-alianza-con-empresarias-latinas-para-apoyar-a-otras-latinas-en-nyc","status":"publish","type":"post","link":"https:\/\/defrentealaverdad.com\/index.php\/2024\/08\/04\/inspire-latina-logra-alianza-con-empresarias-latinas-para-apoyar-a-otras-latinas-en-nyc\/","title":{"rendered":"Inspire Latina Logra Alianza con Empresarias Latinas para Apoyar a Otras Latinas en NYC"},"content":{"rendered":"<p><img decoding=\"async\" class=\"size-medium wp-image-22230 aligncenter lazyload\" data-src=\"https:\/\/defrentealaverdad.com\/wp-content\/uploads\/2024\/08\/IMG-20240804-WA0047-300x237.jpg\" alt=\"\" width=\"300\" height=\"237\" data-srcset=\"https:\/\/defrentealaverdad.com\/wp-content\/uploads\/2024\/08\/IMG-20240804-WA0047-300x237.jpg 300w, https:\/\/defrentealaverdad.com\/wp-content\/uploads\/2024\/08\/IMG-20240804-WA0047-1024x808.jpg 1024w, https:\/\/defrentealaverdad.com\/wp-content\/uploads\/2024\/08\/IMG-20240804-WA0047-768x606.jpg 768w, https:\/\/defrentealaverdad.com\/wp-content\/uploads\/2024\/08\/IMG-20240804-WA0047.jpg 1080w\" data-sizes=\"(max-width: 300px) 100vw, 300px\" src=\"data:image\/svg+xml;base64,PHN2ZyB3aWR0aD0iMSIgaGVpZ2h0PSIxIiB4bWxucz0iaHR0cDovL3d3dy53My5vcmcvMjAwMC9zdmciPjwvc3ZnPg==\" style=\"--smush-placeholder-width: 300px; --smush-placeholder-aspect-ratio: 300\/237;\" \/><\/p>\n<p style=\"text-align: justify;\">Nueva York, NY. &#8211; Inspire Latina, una organizaci\u00f3n sin fines de lucro dedicada a empoderar a mujeres a trav\u00e9s de la educaci\u00f3n y el emprendimiento, se enorgullece en anunciar una alianzaestrat\u00e9gica con destacadas empresarias latinas para fortalecer el apoyo a mujereslatinas en Nueva York.<\/p>\n<p style=\"text-align: justify;\">Fundada por dominicanas residentes de NYC, Inspire Latina ha trabajadoincansablemente para proporcionar recursos y oportunidades a mujeres latinas quebuscan iniciar o expandir sus negocios. Esta nueva alianza permitir\u00e1:<\/p>\n<p style=\"text-align: justify;\">&#8211;<strong>Capacitaci\u00f3n Empresarial Ampliada<\/strong>: Nuevos cursos y talleres ofrecidos porempresarias exitosas que compartir\u00e1n sus conocimientos y experiencias.<img decoding=\"async\" class=\"size-medium wp-image-22233 alignright lazyload\" data-src=\"https:\/\/defrentealaverdad.com\/wp-content\/uploads\/2024\/08\/IMG-20240804-WA0046-300x225.jpg\" alt=\"\" width=\"300\" height=\"225\" data-srcset=\"https:\/\/defrentealaverdad.com\/wp-content\/uploads\/2024\/08\/IMG-20240804-WA0046-300x225.jpg 300w, https:\/\/defrentealaverdad.com\/wp-content\/uploads\/2024\/08\/IMG-20240804-WA0046-1024x768.jpg 1024w, https:\/\/defrentealaverdad.com\/wp-content\/uploads\/2024\/08\/IMG-20240804-WA0046-768x576.jpg 768w, https:\/\/defrentealaverdad.com\/wp-content\/uploads\/2024\/08\/IMG-20240804-WA0046-1536x1152.jpg 1536w, https:\/\/defrentealaverdad.com\/wp-content\/uploads\/2024\/08\/IMG-20240804-WA0046-720x540.jpg 720w, https:\/\/defrentealaverdad.com\/wp-content\/uploads\/2024\/08\/IMG-20240804-WA0046.jpg 1600w\" data-sizes=\"(max-width: 300px) 100vw, 300px\" src=\"data:image\/svg+xml;base64,PHN2ZyB3aWR0aD0iMSIgaGVpZ2h0PSIxIiB4bWxucz0iaHR0cDovL3d3dy53My5vcmcvMjAwMC9zdmciPjwvc3ZnPg==\" style=\"--smush-placeholder-width: 300px; --smush-placeholder-aspect-ratio: 300\/225;\" \/><\/p>\n<p style=\"text-align: justify;\">&#8211; <strong>Mentor\u00eda y Redes de Contacto:<\/strong> Acceso a una red de mentores y empresarias quebrindar\u00e1n orientaci\u00f3n personalizada y apoyo continuo.<\/p>\n<p style=\"text-align: justify;\">&#8211;<strong>Oportunidades de Financiamiento<\/strong>: Conexi\u00f3n con fuentes de financiamiento yasesor\u00eda en la preparaci\u00f3n de propuestas y planes de negocio.<\/p>\n<p style=\"text-align: justify;\">\u00abInspire Latina se ha comprometido a empoderar a las mujeres latinas y esta alianzacon empresarias exitosas nos permitir\u00e1 ampliar significativamente nuestro alcance y elimpacto de nuestros programas\u00bb, dijo Lili Paredes, fundadora de Inspire Latina.<\/p>\n<blockquote>\n<p style=\"text-align: justify;\"><em>\u00abEstamos emocionados de trabajar juntas para construir una comunidad m\u00e1s fuerte yapoyar a nuestras mujeres en cada paso de su viaje empresarial\u00bb.<\/em><\/p>\n<\/blockquote>\n<p style=\"text-align: justify;\">Esta alianza incluye el apoyo de empresarias y<img decoding=\"async\" class=\"size-medium wp-image-22231 alignright lazyload\" data-src=\"https:\/\/defrentealaverdad.com\/wp-content\/uploads\/2024\/08\/IMG-20240804-WA0044-300x177.jpg\" alt=\"\" width=\"300\" height=\"177\" data-srcset=\"https:\/\/defrentealaverdad.com\/wp-content\/uploads\/2024\/08\/IMG-20240804-WA0044-300x177.jpg 300w, https:\/\/defrentealaverdad.com\/wp-content\/uploads\/2024\/08\/IMG-20240804-WA0044-768x453.jpg 768w, https:\/\/defrentealaverdad.com\/wp-content\/uploads\/2024\/08\/IMG-20240804-WA0044.jpg 991w\" data-sizes=\"(max-width: 300px) 100vw, 300px\" src=\"data:image\/svg+xml;base64,PHN2ZyB3aWR0aD0iMSIgaGVpZ2h0PSIxIiB4bWxucz0iaHR0cDovL3d3dy53My5vcmcvMjAwMC9zdmciPjwvc3ZnPg==\" style=\"--smush-placeholder-width: 300px; --smush-placeholder-aspect-ratio: 300\/177;\" \/> negocios latinos diversos ennacionalidades, contando con el respaldo de comunidades\u00a0colombianas, dominicanas,puertorrique\u00f1as, ecuatorianas, mexicanas y salvadore\u00f1as. Esta diversidad encolaboraci\u00f3n refleja el compromiso de Inspire Latina con la inclusi\u00f3n y el apoyo a todaslas mujeres latinas, independientemente de su origen.<\/p>\n<p style=\"text-align: justify;\">Desde su fundaci\u00f3n, Inspire Latina ha transformado la vida de muchas mujeres a trav\u00e9sde sus programas gratuitos. Con esta nueva alianza, la organizaci\u00f3n espera alcanzar ybeneficiar a un n\u00famero a\u00fan mayor de mujeres latinas en NYC y a nivel nacional.<\/p>\n<p><strong>Sobre Inspire Latina<\/strong><\/p>\n<p style=\"text-align: justify;\"><img decoding=\"async\" class=\"size-medium wp-image-22232 alignleft lazyload\" data-src=\"https:\/\/defrentealaverdad.com\/wp-content\/uploads\/2024\/08\/IMG-20240804-WA0045-300x225.jpg\" alt=\"\" width=\"300\" height=\"225\" data-srcset=\"https:\/\/defrentealaverdad.com\/wp-content\/uploads\/2024\/08\/IMG-20240804-WA0045-300x225.jpg 300w, https:\/\/defrentealaverdad.com\/wp-content\/uploads\/2024\/08\/IMG-20240804-WA0045-1024x768.jpg 1024w, https:\/\/defrentealaverdad.com\/wp-content\/uploads\/2024\/08\/IMG-20240804-WA0045-768x576.jpg 768w, https:\/\/defrentealaverdad.com\/wp-content\/uploads\/2024\/08\/IMG-20240804-WA0045-1536x1152.jpg 1536w, https:\/\/defrentealaverdad.com\/wp-content\/uploads\/2024\/08\/IMG-20240804-WA0045-720x540.jpg 720w, https:\/\/defrentealaverdad.com\/wp-content\/uploads\/2024\/08\/IMG-20240804-WA0045.jpg 1600w\" data-sizes=\"(max-width: 300px) 100vw, 300px\" src=\"data:image\/svg+xml;base64,PHN2ZyB3aWR0aD0iMSIgaGVpZ2h0PSIxIiB4bWxucz0iaHR0cDovL3d3dy53My5vcmcvMjAwMC9zdmciPjwvc3ZnPg==\" style=\"--smush-placeholder-width: 300px; --smush-placeholder-aspect-ratio: 300\/225;\" \/>Inspire Latina es una organizaci\u00f3n sin fines de lucro registrada en el estado de NuevaYork como 501C3. Fundada por dominicanas residentes de NYC, su misi\u00f3n esempoderar a las mujeres latinas proporcionando recursos educativos, mentor\u00eda y apoyonecesario para iniciar y desarrollar negocios. A trav\u00e9s de cursos gratuitos y redes deapoyo, Inspire Latina trabaja para transformar las vidas de mujeres latinas en NuevaYork.Para m\u00e1s informaci\u00f3n sobre Inspire Latina y su nueva alianza, visite su sitio web deWww.Inspirelatina.org<\/p>\n<p>Fuente: inspire Latina<\/p>\n","protected":false},"excerpt":{"rendered":"<p>Nueva York, NY. &#8211; Inspire Latina, una organizaci\u00f3n sin fines de lucro dedicada a empoderar<\/p>\n","protected":false},"author":4,"featured_media":0,"comment_status":"open","ping_status":"open","sticky":false,"template":"","format":"standard","meta":{"footnotes":""},"categories":[16],"tags":[],"class_list":["post-22229","post","type-post","status-publish","format-standard","hentry","category-internacionales"],"_links":{"self":[{"href":"https:\/\/defrentealaverdad.com\/index.php\/wp-json\/wp\/v2\/posts\/22229","targetHints":{"allow":["GET"]}}],"collection":[{"href":"https:\/\/defrentealaverdad.com\/index.php\/wp-json\/wp\/v2\/posts"}],"about":[{"href":"https:\/\/defrentealaverdad.com\/index.php\/wp-json\/wp\/v2\/types\/post"}],"author":[{"embeddable":true,"href":"https:\/\/defrentealaverdad.com\/index.php\/wp-json\/wp\/v2\/users\/4"}],"replies":[{"embeddable":true,"href":"https:\/\/defrentealaverdad.com\/index.php\/wp-json\/wp\/v2\/comments?post=22229"}],"version-history":[{"count":1,"href":"https:\/\/defrentealaverdad.com\/index.php\/wp-json\/wp\/v2\/posts\/22229\/revisions"}],"predecessor-version":[{"id":22234,"href":"https:\/\/defrentealaverdad.com\/index.php\/wp-json\/wp\/v2\/posts\/22229\/revisions\/22234"}],"wp:attachment":[{"href":"https:\/\/defrentealaverdad.com\/index.php\/wp-json\/wp\/v2\/media?parent=22229"}],"wp:term":[{"taxonomy":"category","embeddable":true,"href":"https:\/\/defrentealaverdad.com\/index.php\/wp-json\/wp\/v2\/categories?post=22229"},{"taxonomy":"post_tag","embeddable":true,"href":"https:\/\/defrentealaverdad.com\/index.php\/wp-json\/wp\/v2\/tags?post=22229"}],"curies":[{"name":"wp","href":"https:\/\/api.w.org\/{rel}","templated":true}]}}