{"id":22168,"date":"2024-08-03T06:21:36","date_gmt":"2024-08-03T06:21:36","guid":{"rendered":"https:\/\/defrentealaverdad.com\/?p=22168"},"modified":"2024-08-03T06:21:36","modified_gmt":"2024-08-03T06:21:36","slug":"la-loka-of-god-trae-nuevos-singles-para-adorar-a-dios","status":"publish","type":"post","link":"https:\/\/defrentealaverdad.com\/index.php\/2024\/08\/03\/la-loka-of-god-trae-nuevos-singles-para-adorar-a-dios\/","title":{"rendered":"LA LOKA OF GOD trae nuevos singles para adorar a Dios"},"content":{"rendered":"<blockquote>\n<p style=\"text-align: justify;\">LA LOKA OF GOD presenta una serie de nuevos singles que combinan mensajes profundamente espirituales con vibrantes influencias de reguet\u00f3n, trap y rap.<\/p>\n<\/blockquote>\n<p style=\"text-align: justify;\">Cada canci\u00f3n se centra en la inspiraci\u00f3n divina y refleja un compromiso personal con la fe y el amor de Dios.<\/p>\n<p style=\"text-align: justify;\"><em><strong>\u00abMira\u00bb<\/strong><\/em> abre el camino con su mensaje reconfortante sobre la gu\u00eda constante de Dios en cada paso de la vida. Con un ritmo contagioso y letras que invitan a la reflexi\u00f3n, la canci\u00f3n captura la alegr\u00eda y la gratitud inspiradas por la presencia divina.<\/p>\n<p><img decoding=\"async\" class=\"size-medium wp-image-22169 alignleft lazyload\" data-src=\"https:\/\/defrentealaverdad.com\/wp-content\/uploads\/2024\/08\/IMG-20240802-WA0208-240x300.jpg\" alt=\"\" width=\"240\" height=\"300\" data-srcset=\"https:\/\/defrentealaverdad.com\/wp-content\/uploads\/2024\/08\/IMG-20240802-WA0208-240x300.jpg 240w, https:\/\/defrentealaverdad.com\/wp-content\/uploads\/2024\/08\/IMG-20240802-WA0208-820x1024.jpg 820w, https:\/\/defrentealaverdad.com\/wp-content\/uploads\/2024\/08\/IMG-20240802-WA0208-768x959.jpg 768w, https:\/\/defrentealaverdad.com\/wp-content\/uploads\/2024\/08\/IMG-20240802-WA0208-1230x1536.jpg 1230w, https:\/\/defrentealaverdad.com\/wp-content\/uploads\/2024\/08\/IMG-20240802-WA0208.jpg 1440w\" data-sizes=\"(max-width: 240px) 100vw, 240px\" src=\"data:image\/svg+xml;base64,PHN2ZyB3aWR0aD0iMSIgaGVpZ2h0PSIxIiB4bWxucz0iaHR0cDovL3d3dy53My5vcmcvMjAwMC9zdmciPjwvc3ZnPg==\" style=\"--smush-placeholder-width: 240px; --smush-placeholder-aspect-ratio: 240\/300;\" \/><\/p>\n<p style=\"text-align: justify;\"><strong>\u00abMe Cur\u00f3\u00bb<\/strong> profundiza en testimonios de superaci\u00f3n personal a trav\u00e9s del poder sanador de la fe. Las letras sinceras narran una transformaci\u00f3n espiritual, acompa\u00f1adas de una producci\u00f3n musical trap en\u00e9rgica que resalta la renovaci\u00f3n interior y la fortaleza encontrada en Dios.<\/p>\n<p><em><strong>\u00abCada Loco con su Tema\u00bb<\/strong><\/em> contin\u00faa con un tono introspectivo que celebra la diversidad de caminos espirituales. Con un beat envolvente y letras que respetan las elecciones personales, la canci\u00f3n ofrece una visi\u00f3n inclusiva y respetuosa del viaje espiritual individual.<\/p>\n<p style=\"text-align: justify;\"><em><strong>\u00abNo Me Amargo\u00bb<\/strong> <\/em>contrasta con un tono positivo y empoderador, destacando la alegr\u00eda de vivir en la gracia de Dios. Con un beat contagioso y letras que rechazan la negatividad, la canci\u00f3n inspira a mantener una actitud optimista y alegre frente a los desaf\u00edos de la vida.<\/p>\n<p><img decoding=\"async\" class=\"size-medium wp-image-22170 alignright lazyload\" data-src=\"https:\/\/defrentealaverdad.com\/wp-content\/uploads\/2024\/08\/IMG-20240802-WA0207-209x300.jpg\" alt=\"\" width=\"209\" height=\"300\" data-srcset=\"https:\/\/defrentealaverdad.com\/wp-content\/uploads\/2024\/08\/IMG-20240802-WA0207-209x300.jpg 209w, https:\/\/defrentealaverdad.com\/wp-content\/uploads\/2024\/08\/IMG-20240802-WA0207-713x1024.jpg 713w, https:\/\/defrentealaverdad.com\/wp-content\/uploads\/2024\/08\/IMG-20240802-WA0207.jpg 739w\" data-sizes=\"(max-width: 209px) 100vw, 209px\" src=\"data:image\/svg+xml;base64,PHN2ZyB3aWR0aD0iMSIgaGVpZ2h0PSIxIiB4bWxucz0iaHR0cDovL3d3dy53My5vcmcvMjAwMC9zdmciPjwvc3ZnPg==\" style=\"--smush-placeholder-width: 209px; --smush-placeholder-aspect-ratio: 209\/300;\" \/><\/p>\n<p style=\"text-align: justify;\"><strong><em>\u00abEn Camino\u00bb<\/em><\/strong> infunde un ritmo din\u00e1mico con letras que destacan el progreso espiritual y la cercan\u00eda al prop\u00f3sito divino. La canci\u00f3n motiva a seguir adelante con determinaci\u00f3n, confiando en la direcci\u00f3n de Dios con cada paso.<\/p>\n<p style=\"text-align: justify;\">\u00ab<em><strong>Mi Se\u00f1al\u00bb<\/strong> <\/em>contin\u00faa con un enfoque en las promesas y la gu\u00eda de Dios en momentos de oscuridad. Con una fusi\u00f3n de ritmos contempor\u00e1neos y letras que proclaman la fe inquebrantable, la canci\u00f3n celebra el poder de la palabra divina como una se\u00f1al constante en la vida de la artista.<\/p>\n<p style=\"text-align: justify;\"><em><strong>\u00abLos M\u00edos\u00bb<\/strong> <\/em>cierra la colecci\u00f3n con un llamado apasionado a la protecci\u00f3n y orientaci\u00f3n divina para aquellos cercanos al coraz\u00f3n del artista. Con un mensaje de perd\u00f3n, redenci\u00f3n y esperanza, la canci\u00f3n destaca la importancia de vivir en comunidad bajo la gracia y el amor de Dios.<\/p>\n<p style=\"text-align: justify;\">Cada single de LA LOKA OF GOD no solo ofrece un viaje musical cautivador, sino que tambi\u00e9n sirve como un testimonio vibrante de fe y transformaci\u00f3n espiritual. Con ritmos modernos y letras profundas, estos lanzamientos capturan la esencia de una devoci\u00f3n inspirada por el poder divino.<\/p>\n<p>Fuente: Ram\u00f3n Chavez<\/p>\n","protected":false},"excerpt":{"rendered":"<p>LA LOKA OF GOD presenta una serie de nuevos singles que combinan mensajes profundamente espirituales<\/p>\n","protected":false},"author":2,"featured_media":0,"comment_status":"open","ping_status":"open","sticky":false,"template":"","format":"standard","meta":{"footnotes":""},"categories":[6,7],"tags":[],"class_list":["post-22168","post","type-post","status-publish","format-standard","hentry","category-espectaculos","category-nacionales"],"_links":{"self":[{"href":"https:\/\/defrentealaverdad.com\/index.php\/wp-json\/wp\/v2\/posts\/22168","targetHints":{"allow":["GET"]}}],"collection":[{"href":"https:\/\/defrentealaverdad.com\/index.php\/wp-json\/wp\/v2\/posts"}],"about":[{"href":"https:\/\/defrentealaverdad.com\/index.php\/wp-json\/wp\/v2\/types\/post"}],"author":[{"embeddable":true,"href":"https:\/\/defrentealaverdad.com\/index.php\/wp-json\/wp\/v2\/users\/2"}],"replies":[{"embeddable":true,"href":"https:\/\/defrentealaverdad.com\/index.php\/wp-json\/wp\/v2\/comments?post=22168"}],"version-history":[{"count":1,"href":"https:\/\/defrentealaverdad.com\/index.php\/wp-json\/wp\/v2\/posts\/22168\/revisions"}],"predecessor-version":[{"id":22171,"href":"https:\/\/defrentealaverdad.com\/index.php\/wp-json\/wp\/v2\/posts\/22168\/revisions\/22171"}],"wp:attachment":[{"href":"https:\/\/defrentealaverdad.com\/index.php\/wp-json\/wp\/v2\/media?parent=22168"}],"wp:term":[{"taxonomy":"category","embeddable":true,"href":"https:\/\/defrentealaverdad.com\/index.php\/wp-json\/wp\/v2\/categories?post=22168"},{"taxonomy":"post_tag","embeddable":true,"href":"https:\/\/defrentealaverdad.com\/index.php\/wp-json\/wp\/v2\/tags?post=22168"}],"curies":[{"name":"wp","href":"https:\/\/api.w.org\/{rel}","templated":true}]}}