{"id":22126,"date":"2024-08-02T01:53:35","date_gmt":"2024-08-02T01:53:35","guid":{"rendered":"https:\/\/defrentealaverdad.com\/?p=22126"},"modified":"2024-08-03T01:53:44","modified_gmt":"2024-08-03T01:53:44","slug":"sofia-globitos-superstar-regresa-este-sabado-con-nueva-y-emocionante-temporada","status":"publish","type":"post","link":"https:\/\/defrentealaverdad.com\/index.php\/2024\/08\/02\/sofia-globitos-superstar-regresa-este-sabado-con-nueva-y-emocionante-temporada\/","title":{"rendered":"\u201cSof\u00eda Globitos Superstar\u201d regresa este s\u00e1bado con nueva y emocionante temporada"},"content":{"rendered":"<p style=\"text-align: justify;\">\u00a0<img decoding=\"async\" class=\"size-medium wp-image-22128 alignleft lazyload\" data-src=\"https:\/\/defrentealaverdad.com\/wp-content\/uploads\/2024\/08\/IMG-20240802-WA0060-200x300.jpg\" alt=\"\" width=\"200\" height=\"300\" data-srcset=\"https:\/\/defrentealaverdad.com\/wp-content\/uploads\/2024\/08\/IMG-20240802-WA0060-200x300.jpg 200w, https:\/\/defrentealaverdad.com\/wp-content\/uploads\/2024\/08\/IMG-20240802-WA0060-682x1024.jpg 682w, https:\/\/defrentealaverdad.com\/wp-content\/uploads\/2024\/08\/IMG-20240802-WA0060-768x1153.jpg 768w, https:\/\/defrentealaverdad.com\/wp-content\/uploads\/2024\/08\/IMG-20240802-WA0060-1023x1536.jpg 1023w, https:\/\/defrentealaverdad.com\/wp-content\/uploads\/2024\/08\/IMG-20240802-WA0060.jpg 1066w\" data-sizes=\"(max-width: 200px) 100vw, 200px\" src=\"data:image\/svg+xml;base64,PHN2ZyB3aWR0aD0iMSIgaGVpZ2h0PSIxIiB4bWxucz0iaHR0cDovL3d3dy53My5vcmcvMjAwMC9zdmciPjwvc3ZnPg==\" style=\"--smush-placeholder-width: 200px; --smush-placeholder-aspect-ratio: 200\/300;\" \/>Santo Domingo. \u2013 El programa de temporada \u201cSof\u00eda Globitos Superstar\u201d regresa en su tercera temporada a la televisi\u00f3n nacional a partir del pr\u00f3ximo s\u00e1bado 3 de agosto a las 11:00 A.M. a trav\u00e9s de Color Visi\u00f3n.<\/p>\n<p>&nbsp;<\/p>\n<p style=\"text-align: justify;\">Conducido por la carism\u00e1tica Sof\u00eda Globitos, personificada por la actriz y productora Bianca Garc\u00eda, la nueva temporada contar\u00e1 con 23 episodios llenos de sorpresas, diversi\u00f3n y valores para toda la familia.\u00a0 Bianca, quien tiene 11 a\u00f1os de trayectoria encarnando el personaje de Sof\u00eda Globitos, coment\u00f3:<\/p>\n<blockquote>\n<p style=\"text-align: justify;\">\u00abEstoy feliz y emocionada porque lleg\u00f3 esa \u00e9poca del a\u00f1o donde regresa la diversi\u00f3n a la televisi\u00f3n con &#8216;Sof\u00eda Globitos Superstar&#8217;. Este sue\u00f1o que inici\u00f3 hace m\u00e1s de una d\u00e9cada sigue creciendo cada d\u00eda, y el respaldo de los ni\u00f1os y sus padres me impulsa a seguir creyendo en una sociedad con buenos valores y un futuro lleno de esperanza\u00bb<\/p>\n<\/blockquote>\n<p style=\"text-align: justify;\">Junto a Sof\u00eda Globitos, un talentoso elenco de ni\u00f1os y personajes fant\u00e1sticos, entre ellos Jos\u00e9 Guillermo Cortines (Papuni), Noel Ventura (Yakuko Kanai) y Viv\u00edan Fatule (Voz en off oficial y voz Mamuni), se encargar\u00e1 de brindar entretenimiento educativo y de calidad a su audiencia.<\/p>\n<p><img decoding=\"async\" class=\"size-medium wp-image-22127 alignright lazyload\" data-src=\"https:\/\/defrentealaverdad.com\/wp-content\/uploads\/2024\/08\/IMG-20240802-WA0059-200x300.jpg\" alt=\"\" width=\"200\" height=\"300\" data-srcset=\"https:\/\/defrentealaverdad.com\/wp-content\/uploads\/2024\/08\/IMG-20240802-WA0059-200x300.jpg 200w, https:\/\/defrentealaverdad.com\/wp-content\/uploads\/2024\/08\/IMG-20240802-WA0059-682x1024.jpg 682w, https:\/\/defrentealaverdad.com\/wp-content\/uploads\/2024\/08\/IMG-20240802-WA0059-768x1153.jpg 768w, https:\/\/defrentealaverdad.com\/wp-content\/uploads\/2024\/08\/IMG-20240802-WA0059-1023x1536.jpg 1023w, https:\/\/defrentealaverdad.com\/wp-content\/uploads\/2024\/08\/IMG-20240802-WA0059.jpg 1066w\" data-sizes=\"(max-width: 200px) 100vw, 200px\" src=\"data:image\/svg+xml;base64,PHN2ZyB3aWR0aD0iMSIgaGVpZ2h0PSIxIiB4bWxucz0iaHR0cDovL3d3dy53My5vcmcvMjAwMC9zdmciPjwvc3ZnPg==\" style=\"--smush-placeholder-width: 200px; --smush-placeholder-aspect-ratio: 200\/300;\" \/><\/p>\n<p style=\"text-align: justify;\">Bajo la producci\u00f3n ejecutiva y general de Bianca Garc\u00eda junto al equipo de El Garaje de Producciones, \u201cSof\u00eda Globitos Superstar\u201d contin\u00faa siendo un espacio comprometido con la promoci\u00f3n de valores y la diversi\u00f3n sana para los m\u00e1s peque\u00f1os, consolid\u00e1ndose como una de las producciones infantiles favoritas de la televisi\u00f3n nacional.<\/p>\n<p>Fuente: El Garaje de Producciones<\/p>\n","protected":false},"excerpt":{"rendered":"<p>\u00a0Santo Domingo. \u2013 El programa de temporada \u201cSof\u00eda Globitos Superstar\u201d regresa en su tercera temporada<\/p>\n","protected":false},"author":4,"featured_media":0,"comment_status":"open","ping_status":"open","sticky":false,"template":"","format":"standard","meta":{"footnotes":""},"categories":[6],"tags":[],"class_list":["post-22126","post","type-post","status-publish","format-standard","hentry","category-espectaculos"],"_links":{"self":[{"href":"https:\/\/defrentealaverdad.com\/index.php\/wp-json\/wp\/v2\/posts\/22126","targetHints":{"allow":["GET"]}}],"collection":[{"href":"https:\/\/defrentealaverdad.com\/index.php\/wp-json\/wp\/v2\/posts"}],"about":[{"href":"https:\/\/defrentealaverdad.com\/index.php\/wp-json\/wp\/v2\/types\/post"}],"author":[{"embeddable":true,"href":"https:\/\/defrentealaverdad.com\/index.php\/wp-json\/wp\/v2\/users\/4"}],"replies":[{"embeddable":true,"href":"https:\/\/defrentealaverdad.com\/index.php\/wp-json\/wp\/v2\/comments?post=22126"}],"version-history":[{"count":1,"href":"https:\/\/defrentealaverdad.com\/index.php\/wp-json\/wp\/v2\/posts\/22126\/revisions"}],"predecessor-version":[{"id":22129,"href":"https:\/\/defrentealaverdad.com\/index.php\/wp-json\/wp\/v2\/posts\/22126\/revisions\/22129"}],"wp:attachment":[{"href":"https:\/\/defrentealaverdad.com\/index.php\/wp-json\/wp\/v2\/media?parent=22126"}],"wp:term":[{"taxonomy":"category","embeddable":true,"href":"https:\/\/defrentealaverdad.com\/index.php\/wp-json\/wp\/v2\/categories?post=22126"},{"taxonomy":"post_tag","embeddable":true,"href":"https:\/\/defrentealaverdad.com\/index.php\/wp-json\/wp\/v2\/tags?post=22126"}],"curies":[{"name":"wp","href":"https:\/\/api.w.org\/{rel}","templated":true}]}}