{"id":22037,"date":"2024-08-01T02:23:39","date_gmt":"2024-08-01T02:23:39","guid":{"rendered":"https:\/\/defrentealaverdad.com\/?p=22037"},"modified":"2024-08-02T02:34:26","modified_gmt":"2024-08-02T02:34:26","slug":"copardom-urge-medidas-para-combatir-la-informalidad-laboral-en-republica-dominicana","status":"publish","type":"post","link":"https:\/\/defrentealaverdad.com\/index.php\/2024\/08\/01\/copardom-urge-medidas-para-combatir-la-informalidad-laboral-en-republica-dominicana\/","title":{"rendered":"COPARDOM: urge medidas para combatir la informalidad laboral en Rep\u00fablica Dominicana"},"content":{"rendered":"<blockquote>\n<p style=\"text-align: justify;\">Laura Pe\u00f1a Izquierdo resalt\u00f3 el proyecto de la OIT que busca facilitar la transici\u00f3n de empresas irregulares a la formalidad.<\/p>\n<\/blockquote>\n<p style=\"text-align: justify;\">Santo Domingo, Rep. Dom.- La presidenta de la Confederaci\u00f3n Patronal Dominicana (COPARDOM), Laura Pe\u00f1a Izquierdo, alert\u00f3 hoy sobre el impacto negativo de la informalidad en la econom\u00eda nacional y llam\u00f3 al Gobierno a continuar implementando pol\u00edticas que impulsen la formalizaci\u00f3n del empleo.<\/p>\n<p><img decoding=\"async\" class=\"size-medium wp-image-22038 alignleft lazyload\" data-src=\"https:\/\/defrentealaverdad.com\/wp-content\/uploads\/2024\/08\/IMG-20240801-WA0092-300x200.jpg\" alt=\"\" width=\"300\" height=\"200\" data-srcset=\"https:\/\/defrentealaverdad.com\/wp-content\/uploads\/2024\/08\/IMG-20240801-WA0092-300x200.jpg 300w, https:\/\/defrentealaverdad.com\/wp-content\/uploads\/2024\/08\/IMG-20240801-WA0092-1024x682.jpg 1024w, https:\/\/defrentealaverdad.com\/wp-content\/uploads\/2024\/08\/IMG-20240801-WA0092-768x512.jpg 768w, https:\/\/defrentealaverdad.com\/wp-content\/uploads\/2024\/08\/IMG-20240801-WA0092.jpg 1280w\" data-sizes=\"(max-width: 300px) 100vw, 300px\" src=\"data:image\/svg+xml;base64,PHN2ZyB3aWR0aD0iMSIgaGVpZ2h0PSIxIiB4bWxucz0iaHR0cDovL3d3dy53My5vcmcvMjAwMC9zdmciPjwvc3ZnPg==\" style=\"--smush-placeholder-width: 300px; --smush-placeholder-aspect-ratio: 300\/200;\" \/><\/p>\n<p style=\"text-align: justify;\">Pe\u00f1a Izquierdo destac\u00f3 los retos que la informalidad representa para el pa\u00eds, tales como la desprotecci\u00f3n laboral, la evasi\u00f3n fiscal y la incompatibilidad con los conceptos de \u00abempleo decente\u00bb y \u00abempresa sostenible\u00bb, al intervenir en el acto de clausura del proyecto \u00abEstrategia Integrada para Facilitar el Tr\u00e1nsito a la Econom\u00eda Formal\u00bb, implementado por la Organizaci\u00f3n Internacional del Trabajo (OIT).<\/p>\n<p style=\"text-align: justify;\">La dirigente empresarial reconoci\u00f3 la complejidad de este fen\u00f3meno, agravado por la pandemia del COVID-19, e inst\u00f3 a complementar las medidas de respuesta a la crisis con acciones que promuevan la formalizaci\u00f3n.<\/p>\n<p style=\"text-align: justify;\"><img decoding=\"async\" class=\"size-medium wp-image-22040 alignright lazyload\" data-src=\"https:\/\/defrentealaverdad.com\/wp-content\/uploads\/2024\/08\/IMG-20240801-WA0093-1-300x200.jpg\" alt=\"\" width=\"300\" height=\"200\" data-srcset=\"https:\/\/defrentealaverdad.com\/wp-content\/uploads\/2024\/08\/IMG-20240801-WA0093-1-300x200.jpg 300w, https:\/\/defrentealaverdad.com\/wp-content\/uploads\/2024\/08\/IMG-20240801-WA0093-1-1024x682.jpg 1024w, https:\/\/defrentealaverdad.com\/wp-content\/uploads\/2024\/08\/IMG-20240801-WA0093-1-768x512.jpg 768w, https:\/\/defrentealaverdad.com\/wp-content\/uploads\/2024\/08\/IMG-20240801-WA0093-1.jpg 1280w\" data-sizes=\"(max-width: 300px) 100vw, 300px\" src=\"data:image\/svg+xml;base64,PHN2ZyB3aWR0aD0iMSIgaGVpZ2h0PSIxIiB4bWxucz0iaHR0cDovL3d3dy53My5vcmcvMjAwMC9zdmciPjwvc3ZnPg==\" style=\"--smush-placeholder-width: 300px; --smush-placeholder-aspect-ratio: 300\/200;\" \/>El evento, realizado en el Hotel Sheraton, cont\u00f3 con la participaci\u00f3n de Marie Laure Aristy Paul, viceministra de Pol\u00edticas de Empleo del Ministerio de Trabajo, representantes en el pa\u00eds de la OIT y l\u00edderes sindicales.<\/p>\n<p style=\"text-align: justify;\">Pe\u00f1a Izquierdo valor\u00f3 positivamente los resultados del proyecto, entre ellos la realizaci\u00f3n de una encuesta a negocios informales, la elaboraci\u00f3n de gu\u00edas legales y de formalizaci\u00f3n, la creaci\u00f3n de una plataforma virtual de aprendizaje y un programa piloto de asesor\u00eda.<\/p>\n<blockquote>\n<p style=\"text-align: justify;\">La presidenta de la COPARDOM manifest\u00f3 que estas herramientas buscan facilitar la transici\u00f3n de las empresas hacia la formalidad.<\/p>\n<\/blockquote>\n<p style=\"text-align: justify;\">Asimismo, resalt\u00f3 la importancia del \u00abModelo de Intervenci\u00f3n para la Formulaci\u00f3n, Implementaci\u00f3n y Seguimiento de Estrategias Integradas para Facilitar el Tr\u00e1nsito a la Econom\u00eda Formal\u00bb, presentado por la OIT, como instrumento para evaluar y abordar este proceso.<\/p>\n<p style=\"text-align: justify;\">La presidenta de COPARDOM reiter\u00f3 el compromiso de la entidad de participar activamente en la b\u00fasqueda de soluciones a la informalidad, y abog\u00f3 por reformas estructurales pendientes, como la modernizaci\u00f3n del C\u00f3digo de Trabajo.<\/p>\n<blockquote>\n<p style=\"text-align: justify;\">Pe\u00f1a Izquierdo concluy\u00f3 felicitando al Ministerio de Trabajo, a las organizaciones sindicales y a la OIT por su compromiso y dedicaci\u00f3n en este proyecto.<\/p>\n<\/blockquote>\n<p>&nbsp;<\/p>\n<p>Fuente: Enver L\u00f3pez Milander<\/p>\n","protected":false},"excerpt":{"rendered":"<p>Laura Pe\u00f1a Izquierdo resalt\u00f3 el proyecto de la OIT que busca facilitar la transici\u00f3n de<\/p>\n","protected":false},"author":4,"featured_media":0,"comment_status":"open","ping_status":"open","sticky":false,"template":"","format":"standard","meta":{"footnotes":""},"categories":[2],"tags":[],"class_list":["post-22037","post","type-post","status-publish","format-standard","hentry","category-economicas"],"_links":{"self":[{"href":"https:\/\/defrentealaverdad.com\/index.php\/wp-json\/wp\/v2\/posts\/22037","targetHints":{"allow":["GET"]}}],"collection":[{"href":"https:\/\/defrentealaverdad.com\/index.php\/wp-json\/wp\/v2\/posts"}],"about":[{"href":"https:\/\/defrentealaverdad.com\/index.php\/wp-json\/wp\/v2\/types\/post"}],"author":[{"embeddable":true,"href":"https:\/\/defrentealaverdad.com\/index.php\/wp-json\/wp\/v2\/users\/4"}],"replies":[{"embeddable":true,"href":"https:\/\/defrentealaverdad.com\/index.php\/wp-json\/wp\/v2\/comments?post=22037"}],"version-history":[{"count":2,"href":"https:\/\/defrentealaverdad.com\/index.php\/wp-json\/wp\/v2\/posts\/22037\/revisions"}],"predecessor-version":[{"id":22042,"href":"https:\/\/defrentealaverdad.com\/index.php\/wp-json\/wp\/v2\/posts\/22037\/revisions\/22042"}],"wp:attachment":[{"href":"https:\/\/defrentealaverdad.com\/index.php\/wp-json\/wp\/v2\/media?parent=22037"}],"wp:term":[{"taxonomy":"category","embeddable":true,"href":"https:\/\/defrentealaverdad.com\/index.php\/wp-json\/wp\/v2\/categories?post=22037"},{"taxonomy":"post_tag","embeddable":true,"href":"https:\/\/defrentealaverdad.com\/index.php\/wp-json\/wp\/v2\/tags?post=22037"}],"curies":[{"name":"wp","href":"https:\/\/api.w.org\/{rel}","templated":true}]}}