{"id":22004,"date":"2024-08-01T01:41:21","date_gmt":"2024-08-01T01:41:21","guid":{"rendered":"https:\/\/defrentealaverdad.com\/?p=22004"},"modified":"2024-08-02T01:46:12","modified_gmt":"2024-08-02T01:46:12","slug":"22004","status":"publish","type":"post","link":"https:\/\/defrentealaverdad.com\/index.php\/2024\/08\/01\/22004\/","title":{"rendered":"Conferencia Internacional \u00abNO TE RINDAS\u00bb, concluye de manera exitosa"},"content":{"rendered":"<p style=\"text-align: justify;\"><img decoding=\"async\" class=\"size-medium wp-image-22011 aligncenter lazyload\" data-src=\"https:\/\/defrentealaverdad.com\/wp-content\/uploads\/2024\/08\/IMG-20240731-WA0232-300x169.jpg\" alt=\"\" width=\"300\" height=\"169\" data-srcset=\"https:\/\/defrentealaverdad.com\/wp-content\/uploads\/2024\/08\/IMG-20240731-WA0232-300x169.jpg 300w, https:\/\/defrentealaverdad.com\/wp-content\/uploads\/2024\/08\/IMG-20240731-WA0232-1024x576.jpg 1024w, https:\/\/defrentealaverdad.com\/wp-content\/uploads\/2024\/08\/IMG-20240731-WA0232-768x432.jpg 768w, https:\/\/defrentealaverdad.com\/wp-content\/uploads\/2024\/08\/IMG-20240731-WA0232-1536x864.jpg 1536w, https:\/\/defrentealaverdad.com\/wp-content\/uploads\/2024\/08\/IMG-20240731-WA0232-2048x1152.jpg 2048w, https:\/\/defrentealaverdad.com\/wp-content\/uploads\/2024\/08\/IMG-20240731-WA0232-800x450.jpg 800w\" data-sizes=\"(max-width: 300px) 100vw, 300px\" src=\"data:image\/svg+xml;base64,PHN2ZyB3aWR0aD0iMSIgaGVpZ2h0PSIxIiB4bWxucz0iaHR0cDovL3d3dy53My5vcmcvMjAwMC9zdmciPjwvc3ZnPg==\" style=\"--smush-placeholder-width: 300px; --smush-placeholder-aspect-ratio: 300\/169;\" \/><\/p>\n<p style=\"text-align: justify;\">Santo Domingo, Rep\u00fablica Dominicana. Bajo el lema \u00ab\u00c9L PELEA POR TI DESCANSA TU CORAZ\u00d3N\u00bb la Conferencia Internacional NO TE RINDAS, CAMINANDO EN LAS PROMESAS, se llev\u00f3 a cabo con gran \u00e9xito el pasado s\u00e1bado en el Hotel Golden House en Santo Domingo. El evento, organizado por el devocional \u00abNO TE RINDAS\u00bb, programa de televisi\u00f3n dirigido por Amy Taveras y Wendy Ciprian, fue patrocinado por la Fundaci\u00f3n Dulce Refugio y su director Cosme Pe\u00f1a.<\/p>\n<p style=\"text-align: justify;\">El evento cont\u00f3 con la participaci\u00f3n de destacados conferencistas nacionales e internacionales<\/p>\n<ul>\n<li>Lisbeth F.G. (Estados Unidos)<\/li>\n<li>Pastora Martha Qui\u00f1ones (Colombia)<\/li>\n<li>Pastora Xiomari Veloz (Rep\u00fablica Dominicana)<\/li>\n<li>Ammy Reynoso (Rep\u00fablica Dominicana)<\/li>\n<\/ul>\n<p style=\"text-align: justify;\">La atm\u00f3sfera se llen\u00f3 de adoraci\u00f3n y alabanza con las presentaciones de Johan Paulino, Alex N\u00fa\u00f1ez, Givanna Cuevas, Rosa Karina y Amy <img decoding=\"async\" class=\"size-medium wp-image-22010 alignright lazyload\" data-src=\"https:\/\/defrentealaverdad.com\/wp-content\/uploads\/2024\/08\/IMG-20240731-WA0235-300x225.jpg\" alt=\"\" width=\"300\" height=\"225\" data-srcset=\"https:\/\/defrentealaverdad.com\/wp-content\/uploads\/2024\/08\/IMG-20240731-WA0235-300x225.jpg 300w, https:\/\/defrentealaverdad.com\/wp-content\/uploads\/2024\/08\/IMG-20240731-WA0235-1024x768.jpg 1024w, https:\/\/defrentealaverdad.com\/wp-content\/uploads\/2024\/08\/IMG-20240731-WA0235-768x576.jpg 768w, https:\/\/defrentealaverdad.com\/wp-content\/uploads\/2024\/08\/IMG-20240731-WA0235-1536x1152.jpg 1536w, https:\/\/defrentealaverdad.com\/wp-content\/uploads\/2024\/08\/IMG-20240731-WA0235-720x540.jpg 720w, https:\/\/defrentealaverdad.com\/wp-content\/uploads\/2024\/08\/IMG-20240731-WA0235.jpg 1600w\" data-sizes=\"(max-width: 300px) 100vw, 300px\" src=\"data:image\/svg+xml;base64,PHN2ZyB3aWR0aD0iMSIgaGVpZ2h0PSIxIiB4bWxucz0iaHR0cDovL3d3dy53My5vcmcvMjAwMC9zdmciPjwvc3ZnPg==\" style=\"--smush-placeholder-width: 300px; --smush-placeholder-aspect-ratio: 300\/225;\" \/>Taveras autora de la canci\u00f3n principal del evento: HAGAMOS GUERRA, la cual estuvo acompa\u00f1ada de una espectacular coreograf\u00eda con el grupo Nacidos en la Promesa.<\/p>\n<p style=\"text-align: justify;\">Con un lleno total, la conferencia fue un testimonio vivo de la obra de Dios en los corazones de los asistentes. Cada mensaje y ministraci\u00f3n fueron instrumentos de sanidad y restauraci\u00f3n, de manera espec\u00edfica y puntual.<\/p>\n<blockquote>\n<p style=\"text-align: justify;\">La presencia del Esp\u00edritu Santo se sinti\u00f3 de manera poderosa, trayendo renovaci\u00f3n, fortaleza y esperanza.<\/p>\n<\/blockquote>\n<p style=\"text-align: justify;\"><img decoding=\"async\" class=\"size-medium wp-image-22007 alignleft lazyload\" data-src=\"https:\/\/defrentealaverdad.com\/wp-content\/uploads\/2024\/08\/IMG-20240731-WA0236-300x225.jpg\" alt=\"\" width=\"300\" height=\"225\" data-srcset=\"https:\/\/defrentealaverdad.com\/wp-content\/uploads\/2024\/08\/IMG-20240731-WA0236-300x225.jpg 300w, https:\/\/defrentealaverdad.com\/wp-content\/uploads\/2024\/08\/IMG-20240731-WA0236-1024x768.jpg 1024w, https:\/\/defrentealaverdad.com\/wp-content\/uploads\/2024\/08\/IMG-20240731-WA0236-768x576.jpg 768w, https:\/\/defrentealaverdad.com\/wp-content\/uploads\/2024\/08\/IMG-20240731-WA0236-1536x1152.jpg 1536w, https:\/\/defrentealaverdad.com\/wp-content\/uploads\/2024\/08\/IMG-20240731-WA0236-720x540.jpg 720w, https:\/\/defrentealaverdad.com\/wp-content\/uploads\/2024\/08\/IMG-20240731-WA0236.jpg 1600w\" data-sizes=\"(max-width: 300px) 100vw, 300px\" src=\"data:image\/svg+xml;base64,PHN2ZyB3aWR0aD0iMSIgaGVpZ2h0PSIxIiB4bWxucz0iaHR0cDovL3d3dy53My5vcmcvMjAwMC9zdmciPjwvc3ZnPg==\" style=\"--smush-placeholder-width: 300px; --smush-placeholder-aspect-ratio: 300\/225;\" \/>Damos gracias a todas las iglesias de las diferentes denominaciones y ministerios que se unieron para hacer de este evento un tiempo especial de unidad en Cristo. Agradecemos especialmente a las forjadoras de esperanza que, con su dedicaci\u00f3n y amor, permitieron que muchos corazones fueran tocados y transformados.<\/p>\n<blockquote>\n<p style=\"text-align: justify;\">Te extendemos una invitaci\u00f3n especial para nuestro pr\u00f3ximo evento, NO TE RINDAS 2025, \u00danete a nosotros para seguir caminando en las promesas de Dios y experimentar Su fidelidad. \u00a1No te lo pierdas!<\/p>\n<\/blockquote>\n<p>&nbsp;<\/p>\n<p>Fuente: @devocionalnoterindas @amytaveras @wendyciprian<\/p>\n","protected":false},"excerpt":{"rendered":"<p>Santo Domingo, Rep\u00fablica Dominicana. Bajo el lema \u00ab\u00c9L PELEA POR TI DESCANSA TU CORAZ\u00d3N\u00bb la<\/p>\n","protected":false},"author":1,"featured_media":0,"comment_status":"open","ping_status":"open","sticky":false,"template":"","format":"standard","meta":{"footnotes":""},"categories":[7],"tags":[],"class_list":["post-22004","post","type-post","status-publish","format-standard","hentry","category-nacionales"],"_links":{"self":[{"href":"https:\/\/defrentealaverdad.com\/index.php\/wp-json\/wp\/v2\/posts\/22004","targetHints":{"allow":["GET"]}}],"collection":[{"href":"https:\/\/defrentealaverdad.com\/index.php\/wp-json\/wp\/v2\/posts"}],"about":[{"href":"https:\/\/defrentealaverdad.com\/index.php\/wp-json\/wp\/v2\/types\/post"}],"author":[{"embeddable":true,"href":"https:\/\/defrentealaverdad.com\/index.php\/wp-json\/wp\/v2\/users\/1"}],"replies":[{"embeddable":true,"href":"https:\/\/defrentealaverdad.com\/index.php\/wp-json\/wp\/v2\/comments?post=22004"}],"version-history":[{"count":4,"href":"https:\/\/defrentealaverdad.com\/index.php\/wp-json\/wp\/v2\/posts\/22004\/revisions"}],"predecessor-version":[{"id":22012,"href":"https:\/\/defrentealaverdad.com\/index.php\/wp-json\/wp\/v2\/posts\/22004\/revisions\/22012"}],"wp:attachment":[{"href":"https:\/\/defrentealaverdad.com\/index.php\/wp-json\/wp\/v2\/media?parent=22004"}],"wp:term":[{"taxonomy":"category","embeddable":true,"href":"https:\/\/defrentealaverdad.com\/index.php\/wp-json\/wp\/v2\/categories?post=22004"},{"taxonomy":"post_tag","embeddable":true,"href":"https:\/\/defrentealaverdad.com\/index.php\/wp-json\/wp\/v2\/tags?post=22004"}],"curies":[{"name":"wp","href":"https:\/\/api.w.org\/{rel}","templated":true}]}}