{"id":2198,"date":"2022-11-25T18:48:28","date_gmt":"2022-11-25T18:48:28","guid":{"rendered":"https:\/\/defrentealaverdad.com\/?p=2198"},"modified":"2022-11-25T18:49:15","modified_gmt":"2022-11-25T18:49:15","slug":"41-anos-del-vuelo-de-las-mariposas","status":"publish","type":"post","link":"https:\/\/defrentealaverdad.com\/index.php\/2022\/11\/25\/41-anos-del-vuelo-de-las-mariposas\/","title":{"rendered":"41 a\u00f1os del vuelo de las Mariposas"},"content":{"rendered":"<p style=\"text-align: justify;\"><img decoding=\"async\" class=\"size-medium wp-image-2201 aligncenter lazyload\" data-src=\"https:\/\/defrentealaverdad.com\/wp-content\/uploads\/2022\/11\/89493_hermanasmirabal-300x225.jpg\" alt=\"\" width=\"300\" height=\"225\" data-srcset=\"https:\/\/defrentealaverdad.com\/wp-content\/uploads\/2022\/11\/89493_hermanasmirabal-300x225.jpg 300w, https:\/\/defrentealaverdad.com\/wp-content\/uploads\/2022\/11\/89493_hermanasmirabal.jpg 512w\" data-sizes=\"(max-width: 300px) 100vw, 300px\" src=\"data:image\/svg+xml;base64,PHN2ZyB3aWR0aD0iMSIgaGVpZ2h0PSIxIiB4bWxucz0iaHR0cDovL3d3dy53My5vcmcvMjAwMC9zdmciPjwvc3ZnPg==\" style=\"--smush-placeholder-width: 300px; --smush-placeholder-aspect-ratio: 300\/225;\" \/><\/p>\n<p style=\"text-align: justify;\">Desde hace 41 a\u00f1os todos los 25 de noviembre se conmemora en gran parte del mundo el D\u00eda Internacional de No Violencia Contra las Mujeres, y se cumplir\u00e1n 31 de la campa\u00f1a de activismo contra la\u00a0Violencia de G\u00e9nero.<\/p>\n<p style=\"text-align: justify;\">Lamentablemente, la instituci\u00f3n de ese d\u00eda tiene un origen tr\u00e1gico: el 25 de noviembre de 1960 las hermanas Patria\u00a0(1924-1960),\u00a0Minerva\u00a0(1926-1960) y Mar\u00eda Teresa (1935-1960)\u00a0-tambi\u00e9n conocidas como \u201cMariposas\u201d- fueron asesinadas\u00a0por participar en la resistencia contra la dictadura de\u00a0Rafael\u00a0Le\u00f3nidas\u00a0Trujillo en Rep\u00fablica Dominicana.<\/p>\n<p style=\"text-align: justify;\">Los terribles cr\u00edmenes de las tres hermanas iniciaron un movimiento de condena mundial contra la violencia ejercida en contra de las mujeres.<\/p>\n<p style=\"text-align: justify;\">En 1981 durante el 1\u00b0 Encuentro Feminista Latinoamericano y del Caribe, que llev\u00f3 adelante en Bogot\u00e1, se propuso que el 25 de noviembre fuera el d\u00eda de lucha contra la violencia hacia las mujeres.<\/p>\n<p style=\"text-align: justify;\">A partir de entonces, las mujeres las latinoamericanas no abandonaron las calles y cada 25 de noviembre se manifiestan contra cualquier tipo de violencia ejercida contra las mujeres.<\/p>\n<p style=\"text-align: justify;\">Fue reci\u00e9n en diciembre de 1999 cuando la conmemoraci\u00f3n del 25N \u00a0fue oficializada por la\u00a0Organizaci\u00f3n de Naciones Unidas\u00a0(ONU) como el \u201cD\u00eda Internacional de la No violencia hacia las mujeres\u201d<\/p>\n<h3><img decoding=\"async\" class=\"alignnone size-medium wp-image-2199 aligncenter lazyload\" data-src=\"https:\/\/defrentealaverdad.com\/wp-content\/uploads\/2022\/11\/720-300x169.webp\" alt=\"\" width=\"300\" height=\"169\" data-srcset=\"https:\/\/defrentealaverdad.com\/wp-content\/uploads\/2022\/11\/720-300x169.webp 300w, https:\/\/defrentealaverdad.com\/wp-content\/uploads\/2022\/11\/720-1024x576.webp 1024w, https:\/\/defrentealaverdad.com\/wp-content\/uploads\/2022\/11\/720-768x432.webp 768w, https:\/\/defrentealaverdad.com\/wp-content\/uploads\/2022\/11\/720-800x450.webp 800w, https:\/\/defrentealaverdad.com\/wp-content\/uploads\/2022\/11\/720.webp 1279w\" data-sizes=\"(max-width: 300px) 100vw, 300px\" src=\"data:image\/svg+xml;base64,PHN2ZyB3aWR0aD0iMSIgaGVpZ2h0PSIxIiB4bWxucz0iaHR0cDovL3d3dy53My5vcmcvMjAwMC9zdmciPjwvc3ZnPg==\" style=\"--smush-placeholder-width: 300px; --smush-placeholder-aspect-ratio: 300\/169;\" \/><\/h3>\n<h3 style=\"text-align: justify;\">La historia de las \u201cMariposas\u201d<\/h3>\n<p style=\"text-align: justify;\">Las hermanas Mirabal nacieron en\u00a0Ojo de Agua, un peque\u00f1o poblado de la provincia de Salcedo, en el norte de\u00a0Rep\u00fablica Dominicana, y pertenec\u00edan a una familia acomodada.<\/p>\n<p style=\"text-align: justify;\">Cuando Trujillo lleg\u00f3 al poder en 1930 la familia perdi\u00f3 casi todo. Las Mirabal cre\u00edan que el dictador llevar\u00eda al pa\u00eds al caos y por ello entraron a un grupo de oposici\u00f3n al r\u00e9gimen, conocido como la Agrupaci\u00f3n pol\u00edtica 14 de junio.\u00a0Dentro de este grupo eran conocidas como\u00a0<i>Las Mariposas<\/i>. Se les conoc\u00eda as\u00ed, porque ese era el nombre con que Minerva se identificaba en las relaciones pol\u00edticas.\u200b<\/p>\n<p style=\"text-align: justify;\">Dos de las hermanas, Minerva y Mar\u00eda Teresa, fueron encarceladas, violadas y torturadas en varias ocasiones.\u200b Ellas y sus esposos fueron sometidos a un cruel martirio durante el r\u00e9gimen de Trujillo. A pesar de eso, continuaron luchando contra la dictadura.<\/p>\n<p style=\"text-align: justify;\">El 9 de agosto de 1960, estaban condenadas y presas, pero sorpresivamente se les concedi\u00f3 el arresto domiciliario. Solo pasaron unas semanas con esta libertad, y el r\u00e9gimen ya contaba con informes sobre reuniones secretas encabezadas por las Mirabal. Fue entonces cuando el dictador orden\u00f3 eliminar a las mariposas.<\/p>\n<p style=\"text-align: justify;\">El 25 de noviembre las tres hermanas regresaban de ver a sus esposos que estaban encarcelados cuando fueron\u00a0interceptadas por miembros de la polic\u00eda secreta, ahorcadas y apaleadas. El objetivo de la fuerza era que, una vez lanzadas dentro del auto por un precipicio, los asesinatos fueran\u00a0interpretados como un accidente.<\/p>\n<p style=\"text-align: justify;\">El cuerpo de Minerva apareci\u00f3 en el fondo de un barranco, en el interior de un jeep junto con sus dos hermanas, Patria y Mar\u00eda Teresa, y el conductor del auto, Rufino de la Cruz.<\/p>\n<p style=\"text-align: justify;\">En ese momento,\u00a0las tres hermanas ten\u00edan entre 25 y 36 a\u00f1os, cinco hijos en total y contaban con una d\u00e9cada de activismo pol\u00edtico. Una cuarta hermana,\u00a0B\u00e9lgica Adela \u00abDed\u00e9\u00bb Mirabal, quien muri\u00f3 en 2017, ten\u00eda un papel menos activo en la disidencia y logr\u00f3 salvarse<\/p>\n<h3 style=\"text-align: justify;\">El legado que inspir\u00f3 la lucha feminista<\/h3>\n<p style=\"text-align: justify;\">\u201cSi me matan, sacar\u00e9 los brazos de la tumba y ser\u00e9 m\u00e1s fuerte\u201d,\u00a0hab\u00eda dicho Minerva advertida de que el r\u00e9gimen iba a asesinarla. Y as\u00ed fue.<\/p>\n<p style=\"text-align: justify;\">Pasaron los a\u00f1os, pero las Mirabal quedaron cristalizadas en la memoria colectiva de mujeres activistas y siguen siendo un s\u00edmbolo en la actualidad.<\/p>\n<p style=\"text-align: justify;\">Trujillo supuso que con la desaparici\u00f3n de las hermanas terminaba tambi\u00e9n con cualquier intenci\u00f3n de rebeli\u00f3n, pero ocurri\u00f3 todo lo contrario: el asesinato de las mariposas cal\u00f3 hondo en un pueblo que apoy\u00f3 sus ideales y se levant\u00f3 contra la dictadura, que finalmente cay\u00f3 y culmin\u00f3 con el asesinato del dictador el 30 de mayo de 1961.<\/p>\n<p style=\"text-align: justify;\">Su legado est\u00e1 hoy junto a las miles de mujeres que se organizan y saldr\u00e1n a las calles el 25 para desplegar sus alas de mariposas revolucionarias y volar en libertad en Argentina, Brasil, Uruguay, Chile como tambi\u00e9n en pa\u00edses del continente y del mundo contra la violencia hacia las mujeres y gritando m\u00e1s fuerte por sus derechos.<\/p>\n<p style=\"text-align: justify;\"><i>Fuentes: \u00e1mbito.com; laizquierdadiario.com y Wikipedia<\/i><\/p>\n","protected":false},"excerpt":{"rendered":"<p>Desde hace 41 a\u00f1os todos los 25 de noviembre se conmemora en gran parte del<\/p>\n","protected":false},"author":2,"featured_media":0,"comment_status":"open","ping_status":"open","sticky":false,"template":"","format":"standard","meta":{"footnotes":""},"categories":[7],"tags":[],"class_list":["post-2198","post","type-post","status-publish","format-standard","hentry","category-nacionales"],"_links":{"self":[{"href":"https:\/\/defrentealaverdad.com\/index.php\/wp-json\/wp\/v2\/posts\/2198","targetHints":{"allow":["GET"]}}],"collection":[{"href":"https:\/\/defrentealaverdad.com\/index.php\/wp-json\/wp\/v2\/posts"}],"about":[{"href":"https:\/\/defrentealaverdad.com\/index.php\/wp-json\/wp\/v2\/types\/post"}],"author":[{"embeddable":true,"href":"https:\/\/defrentealaverdad.com\/index.php\/wp-json\/wp\/v2\/users\/2"}],"replies":[{"embeddable":true,"href":"https:\/\/defrentealaverdad.com\/index.php\/wp-json\/wp\/v2\/comments?post=2198"}],"version-history":[{"count":1,"href":"https:\/\/defrentealaverdad.com\/index.php\/wp-json\/wp\/v2\/posts\/2198\/revisions"}],"predecessor-version":[{"id":2202,"href":"https:\/\/defrentealaverdad.com\/index.php\/wp-json\/wp\/v2\/posts\/2198\/revisions\/2202"}],"wp:attachment":[{"href":"https:\/\/defrentealaverdad.com\/index.php\/wp-json\/wp\/v2\/media?parent=2198"}],"wp:term":[{"taxonomy":"category","embeddable":true,"href":"https:\/\/defrentealaverdad.com\/index.php\/wp-json\/wp\/v2\/categories?post=2198"},{"taxonomy":"post_tag","embeddable":true,"href":"https:\/\/defrentealaverdad.com\/index.php\/wp-json\/wp\/v2\/tags?post=2198"}],"curies":[{"name":"wp","href":"https:\/\/api.w.org\/{rel}","templated":true}]}}