{"id":21972,"date":"2024-08-01T17:27:37","date_gmt":"2024-08-01T17:27:37","guid":{"rendered":"https:\/\/defrentealaverdad.com\/?p=21972"},"modified":"2024-08-01T17:27:37","modified_gmt":"2024-08-01T17:27:37","slug":"alcaldia-de-la-romana-y-universidad-ufhec-firman-acuerdo-para-impulsar-el-desarrollo-academico","status":"publish","type":"post","link":"https:\/\/defrentealaverdad.com\/index.php\/2024\/08\/01\/alcaldia-de-la-romana-y-universidad-ufhec-firman-acuerdo-para-impulsar-el-desarrollo-academico\/","title":{"rendered":"Alcald\u00eda de La Romana y Universidad UFHEC firman acuerdo para impulsar el desarrollo acad\u00e9mico"},"content":{"rendered":"<p style=\"text-align: justify;\"><img decoding=\"async\" class=\"size-medium wp-image-21973 alignleft lazyload\" data-src=\"https:\/\/defrentealaverdad.com\/wp-content\/uploads\/2024\/08\/IMG-20240731-WA01921-300x194.jpg\" alt=\"\" width=\"300\" height=\"194\" data-srcset=\"https:\/\/defrentealaverdad.com\/wp-content\/uploads\/2024\/08\/IMG-20240731-WA01921-300x194.jpg 300w, https:\/\/defrentealaverdad.com\/wp-content\/uploads\/2024\/08\/IMG-20240731-WA01921-1024x661.jpg 1024w, https:\/\/defrentealaverdad.com\/wp-content\/uploads\/2024\/08\/IMG-20240731-WA01921-768x496.jpg 768w, https:\/\/defrentealaverdad.com\/wp-content\/uploads\/2024\/08\/IMG-20240731-WA01921.jpg 1440w\" data-sizes=\"(max-width: 300px) 100vw, 300px\" src=\"data:image\/svg+xml;base64,PHN2ZyB3aWR0aD0iMSIgaGVpZ2h0PSIxIiB4bWxucz0iaHR0cDovL3d3dy53My5vcmcvMjAwMC9zdmciPjwvc3ZnPg==\" style=\"--smush-placeholder-width: 300px; --smush-placeholder-aspect-ratio: 300\/194;\" \/>\u00a0LA ROMANA, R.D. \u2013 En un importante paso hacia el fortalecimiento del desarrollo acad\u00e9mico en el municipio, el alcalde de La Romana, Eduardo Kery Metivier, y la Universidad Federico Henr\u00edquez y Carvajal (UFHEC) han firmado un acuerdo de colaboraci\u00f3n destinado a beneficiar a los estudiantes de la localidad. Este convenio refleja el compromiso de ambas instituciones con la educaci\u00f3n y el progreso de los j\u00f3venes romanenses.<\/p>\n<p style=\"text-align: justify;\">El acuerdo, firmado en la sede de la Universidad UFHEC, tiene como objetivo principal la implementaci\u00f3n de programas de becas que facilitar\u00e1n el acceso a oportunidades educativas para los j\u00f3venes del municipio. Esta colaboraci\u00f3n busca promover la excelencia acad\u00e9mica y apoyar a los estudiantes que necesiten asistencia financiera para continuar con sus estudios. En la ceremonia de firma estuvieron presentes:<\/p>\n<ul>\n<li style=\"text-align: justify;\">Eduardo Kery Metivier, Alcalde de La Romana.<\/li>\n<li style=\"text-align: justify;\">Prof. Nelly Bonilla, Vicealcaldesa.<\/li>\n<li style=\"text-align: justify;\">Alejandro Mercedes, Director de la Juventud.<\/li>\n<li style=\"text-align: justify;\">Dr. Alberto Ram\u00edrez Cabral, Rector Magn\u00edfico de UFHEC.<\/li>\n<li style=\"text-align: justify;\">Dr. F\u00e9lix Far\u00edas, Rector de UFHEC La Romana.<\/li>\n<\/ul>\n<p style=\"text-align: justify;\">El alcalde Metivier expres\u00f3 su entusiasmo por la alianza, destacando:<\/p>\n<blockquote>\n<p style=\"text-align: justify;\">\u201cEste acuerdo no solo abre nuevas puertas para nuestros j\u00f3venes, sino que tambi\u00e9n fortalece la colaboraci\u00f3n entre la Alcald\u00eda y la Universidad UFHEC, en aras de un futuro acad\u00e9mico m\u00e1s prometedor para nuestra comunidad.\u201d<\/p>\n<\/blockquote>\n<p style=\"text-align: justify;\">El convenio representa un avance significativo <img decoding=\"async\" class=\"size-medium wp-image-21974 alignright lazyload\" data-src=\"https:\/\/defrentealaverdad.com\/wp-content\/uploads\/2024\/08\/IMG-20240731-WA01911-300x193.jpg\" alt=\"\" width=\"300\" height=\"193\" data-srcset=\"https:\/\/defrentealaverdad.com\/wp-content\/uploads\/2024\/08\/IMG-20240731-WA01911-300x193.jpg 300w, https:\/\/defrentealaverdad.com\/wp-content\/uploads\/2024\/08\/IMG-20240731-WA01911-1024x660.jpg 1024w, https:\/\/defrentealaverdad.com\/wp-content\/uploads\/2024\/08\/IMG-20240731-WA01911-768x495.jpg 768w, https:\/\/defrentealaverdad.com\/wp-content\/uploads\/2024\/08\/IMG-20240731-WA01911.jpg 1440w\" data-sizes=\"(max-width: 300px) 100vw, 300px\" src=\"data:image\/svg+xml;base64,PHN2ZyB3aWR0aD0iMSIgaGVpZ2h0PSIxIiB4bWxucz0iaHR0cDovL3d3dy53My5vcmcvMjAwMC9zdmciPjwvc3ZnPg==\" style=\"--smush-placeholder-width: 300px; --smush-placeholder-aspect-ratio: 300\/193;\" \/>en los esfuerzos de la Alcald\u00eda y UFHEC por apoyar el desarrollo integral de los estudiantes y contribuir al crecimiento educativo de La Romana.<\/p>\n<p style=\"text-align: justify;\">Para m\u00e1s informaci\u00f3n sobre el acuerdo y los programas de becas, comun\u00edquese con la direcci\u00f3n de la juventud o la Universidad UFHEC<\/p>\n<p>Fuente: UFHEC<\/p>\n","protected":false},"excerpt":{"rendered":"<p>\u00a0LA ROMANA, R.D. \u2013 En un importante paso hacia el fortalecimiento del desarrollo acad\u00e9mico en<\/p>\n","protected":false},"author":2,"featured_media":0,"comment_status":"open","ping_status":"open","sticky":false,"template":"","format":"standard","meta":{"footnotes":""},"categories":[7],"tags":[],"class_list":["post-21972","post","type-post","status-publish","format-standard","hentry","category-nacionales"],"_links":{"self":[{"href":"https:\/\/defrentealaverdad.com\/index.php\/wp-json\/wp\/v2\/posts\/21972","targetHints":{"allow":["GET"]}}],"collection":[{"href":"https:\/\/defrentealaverdad.com\/index.php\/wp-json\/wp\/v2\/posts"}],"about":[{"href":"https:\/\/defrentealaverdad.com\/index.php\/wp-json\/wp\/v2\/types\/post"}],"author":[{"embeddable":true,"href":"https:\/\/defrentealaverdad.com\/index.php\/wp-json\/wp\/v2\/users\/2"}],"replies":[{"embeddable":true,"href":"https:\/\/defrentealaverdad.com\/index.php\/wp-json\/wp\/v2\/comments?post=21972"}],"version-history":[{"count":1,"href":"https:\/\/defrentealaverdad.com\/index.php\/wp-json\/wp\/v2\/posts\/21972\/revisions"}],"predecessor-version":[{"id":21975,"href":"https:\/\/defrentealaverdad.com\/index.php\/wp-json\/wp\/v2\/posts\/21972\/revisions\/21975"}],"wp:attachment":[{"href":"https:\/\/defrentealaverdad.com\/index.php\/wp-json\/wp\/v2\/media?parent=21972"}],"wp:term":[{"taxonomy":"category","embeddable":true,"href":"https:\/\/defrentealaverdad.com\/index.php\/wp-json\/wp\/v2\/categories?post=21972"},{"taxonomy":"post_tag","embeddable":true,"href":"https:\/\/defrentealaverdad.com\/index.php\/wp-json\/wp\/v2\/tags?post=21972"}],"curies":[{"name":"wp","href":"https:\/\/api.w.org\/{rel}","templated":true}]}}