{"id":2194,"date":"2022-11-25T17:14:05","date_gmt":"2022-11-25T17:14:05","guid":{"rendered":"https:\/\/defrentealaverdad.com\/?p=2194"},"modified":"2022-11-25T17:14:05","modified_gmt":"2022-11-25T17:14:05","slug":"imaginativa-reconoce-a-pilares-de-la-tv-dominicana-con-premio-maita-en-honor-a-maria-cristina-camilo","status":"publish","type":"post","link":"https:\/\/defrentealaverdad.com\/index.php\/2022\/11\/25\/imaginativa-reconoce-a-pilares-de-la-tv-dominicana-con-premio-maita-en-honor-a-maria-cristina-camilo\/","title":{"rendered":"Imaginativa reconoce a pilares de la TV dominicana con premio Ma\u00edta en honor a Mar\u00eda Cristina Camilo."},"content":{"rendered":"<p><img decoding=\"async\" class=\"size-medium wp-image-2195 aligncenter lazyload\" data-src=\"https:\/\/defrentealaverdad.com\/wp-content\/uploads\/2022\/11\/whatsapp-image-2022-11-24-at-10.48.47-pm-300x175.jpeg\" alt=\"\" width=\"300\" height=\"175\" data-srcset=\"https:\/\/defrentealaverdad.com\/wp-content\/uploads\/2022\/11\/whatsapp-image-2022-11-24-at-10.48.47-pm-300x175.jpeg 300w, https:\/\/defrentealaverdad.com\/wp-content\/uploads\/2022\/11\/whatsapp-image-2022-11-24-at-10.48.47-pm-768x448.jpeg 768w, https:\/\/defrentealaverdad.com\/wp-content\/uploads\/2022\/11\/whatsapp-image-2022-11-24-at-10.48.47-pm.jpeg 828w\" data-sizes=\"(max-width: 300px) 100vw, 300px\" src=\"data:image\/svg+xml;base64,PHN2ZyB3aWR0aD0iMSIgaGVpZ2h0PSIxIiB4bWxucz0iaHR0cDovL3d3dy53My5vcmcvMjAwMC9zdmciPjwvc3ZnPg==\" style=\"--smush-placeholder-width: 300px; --smush-placeholder-aspect-ratio: 300\/175;\" \/><\/p>\n<p style=\"text-align: justify;\"><strong>Santo Domingo.<\/strong>\u2013 En marco de la cuarta edici\u00f3n de Imaginativa TV fue presentando el premio Ma\u00edta, en honor a la actriz, locutora y productora, Mar\u00eda Cristina Camilo, primera persona que habl\u00f3 en la televisi\u00f3n dominicana hace 70 a\u00f1os.<\/p>\n<p style=\"text-align: justify;\">En esta primera entrega fueron galardonados el gestor cultural Freddy Ginebra, el locutor Jos\u00e9 Guillermo Sued, el productor Roberto Salcedo, los periodistas Huchi Lora, Nuria Piera y Ellis P\u00e9rez.<\/p>\n<p style=\"text-align: justify;\">Tambi\u00e9n fueron reconocidos la camar\u00f3grafo de producci\u00f3n Anita Ontiveros, el artista Juan Luis Guerra y la comunicadora Socorro Castellanos.<\/p>\n<p style=\"text-align: justify;\">De igual forma se realiz\u00f3 un homenaje al productor Augusto Guerrero y al artista Milt\u00f3n Pel\u00e1ez.<\/p>\n<p style=\"text-align: justify;\">Los ganadores fueron seleccionados por la propia do\u00f1a Cristina Camilo, quien no se quiso perder la gran noche y estuvo all\u00ed para presenciar la premiaci\u00f3n desde una parte del estudio donde se recre\u00f3 la sala de su hogar con todos sus reconocimientos.<\/p>\n<p style=\"text-align: justify;\">La iniciativa de la productora de televisi\u00f3n y espect\u00e1culos, Edilenia Tactuk, se lleva a cabo en el Teatro La Fiesta del Hotel Jaragua, desde el mi\u00e9rcoles 23 de noviembre y concluir\u00e1 este domingo 27 noviembre.<\/p>\n<p style=\"text-align: justify;\">En esta edici\u00f3n 15 canales de televisi\u00f3n se han unido para celebrar la semana de la televisi\u00f3n con actividades, desde las 9:00 de la ma\u00f1ana hasta las 9:00 de la noche.<\/p>\n<p style=\"text-align: justify;\"><strong>Premio \u201cMaita\u201d<\/strong><\/p>\n<p style=\"text-align: justify;\">Esta premiaci\u00f3n reconoce a la destacada comunicadora <strong>Mar\u00eda Cristina Camilo,<\/strong> primera voz que se transmiti\u00f3 por con la llegada de le televisi\u00f3n en el pa\u00eds, adem\u00e1s de convertirse en una de las figuras m\u00e1s queridas y respetadas de la comunicaci\u00f3n por larga y admirable trayectoria.\u00a0 \u201cMaita\u201d como cari\u00f1osamente le llaman a Camilo, es uno de los referentes que a lo largo de su vida ha trabajado en distintas etapas y facetas de la televisi\u00f3n dominicana<\/p>\n<p><img decoding=\"async\" class=\"alignnone size-medium wp-image-2196 aligncenter lazyload\" data-src=\"https:\/\/defrentealaverdad.com\/wp-content\/uploads\/2022\/11\/maria-cristina-camilo_12898561_20191225173720-300x192.jpg\" alt=\"\" width=\"300\" height=\"192\" data-srcset=\"https:\/\/defrentealaverdad.com\/wp-content\/uploads\/2022\/11\/maria-cristina-camilo_12898561_20191225173720-300x192.jpg 300w, https:\/\/defrentealaverdad.com\/wp-content\/uploads\/2022\/11\/maria-cristina-camilo_12898561_20191225173720.jpg 546w\" data-sizes=\"(max-width: 300px) 100vw, 300px\" src=\"data:image\/svg+xml;base64,PHN2ZyB3aWR0aD0iMSIgaGVpZ2h0PSIxIiB4bWxucz0iaHR0cDovL3d3dy53My5vcmcvMjAwMC9zdmciPjwvc3ZnPg==\" style=\"--smush-placeholder-width: 300px; --smush-placeholder-aspect-ratio: 300\/192;\" \/><\/p>\n<p style=\"text-align: justify;\"><b>Sobre Mar\u00eda Cristina Camilo<\/b><\/p>\n<div id=\"mw-page-header-links\">\n<div id=\"p-namespaces\" class=\"mw-portlet\" role=\"navigation\" aria-labelledby=\"p-namespaces-label\">\n<div class=\"mw-portlet-body\">\n<p style=\"text-align: justify;\">Es una destacada y prolifera locutora y presentadora, nacida en san Francisco de Macor\u00eds.En su juventud estudi\u00f3 enfermer\u00eda y trabaj\u00f3 por casi doces a\u00f1os en su tierra natal, luego decidi\u00f3 mudarse a Santo Domingo en 1949 para mejorar su suerte. Se present\u00f3 un d\u00eda a la voz de Yuna ya que un locutor anunciaba que necesitaba 5 locutores con t\u00edtulo de bachiller y con buena dicci\u00f3n. As\u00ed entr\u00f3 Mar\u00eda Cristina a ser la primera mujer dominicana en la televisi\u00f3n como locutora y presentadora y la tercera de Am\u00e9rica. En ella inicio su carrera de Actriz, en el cuadro de comedia Romance Campesino que era el toque de queda de esos a\u00f1os. Adem\u00e1s de la televisi\u00f3n a trabajado en cine y teatro, siendo un orgullo dominicano.<\/p>\n<\/div>\n<p>Fuente: TV Imaginativa<\/p>\n<\/div>\n<\/div>\n<div id=\"bodyContent\" class=\"mw-body-content\">\n<div id=\"mw-content-text\" class=\"mw-content-ltr\" dir=\"ltr\" lang=\"es\">\n<div class=\"mw-parser-output\">\n<h2><\/h2>\n<\/div>\n<\/div>\n<\/div>\n","protected":false},"excerpt":{"rendered":"<p>Santo Domingo.\u2013 En marco de la cuarta edici\u00f3n de Imaginativa TV fue presentando el premio<\/p>\n","protected":false},"author":2,"featured_media":0,"comment_status":"open","ping_status":"open","sticky":false,"template":"","format":"standard","meta":{"footnotes":""},"categories":[6,7],"tags":[],"class_list":["post-2194","post","type-post","status-publish","format-standard","hentry","category-espectaculos","category-nacionales"],"_links":{"self":[{"href":"https:\/\/defrentealaverdad.com\/index.php\/wp-json\/wp\/v2\/posts\/2194","targetHints":{"allow":["GET"]}}],"collection":[{"href":"https:\/\/defrentealaverdad.com\/index.php\/wp-json\/wp\/v2\/posts"}],"about":[{"href":"https:\/\/defrentealaverdad.com\/index.php\/wp-json\/wp\/v2\/types\/post"}],"author":[{"embeddable":true,"href":"https:\/\/defrentealaverdad.com\/index.php\/wp-json\/wp\/v2\/users\/2"}],"replies":[{"embeddable":true,"href":"https:\/\/defrentealaverdad.com\/index.php\/wp-json\/wp\/v2\/comments?post=2194"}],"version-history":[{"count":1,"href":"https:\/\/defrentealaverdad.com\/index.php\/wp-json\/wp\/v2\/posts\/2194\/revisions"}],"predecessor-version":[{"id":2197,"href":"https:\/\/defrentealaverdad.com\/index.php\/wp-json\/wp\/v2\/posts\/2194\/revisions\/2197"}],"wp:attachment":[{"href":"https:\/\/defrentealaverdad.com\/index.php\/wp-json\/wp\/v2\/media?parent=2194"}],"wp:term":[{"taxonomy":"category","embeddable":true,"href":"https:\/\/defrentealaverdad.com\/index.php\/wp-json\/wp\/v2\/categories?post=2194"},{"taxonomy":"post_tag","embeddable":true,"href":"https:\/\/defrentealaverdad.com\/index.php\/wp-json\/wp\/v2\/tags?post=2194"}],"curies":[{"name":"wp","href":"https:\/\/api.w.org\/{rel}","templated":true}]}}