{"id":21895,"date":"2024-07-30T22:59:07","date_gmt":"2024-07-30T22:59:07","guid":{"rendered":"https:\/\/defrentealaverdad.com\/?p=21895"},"modified":"2024-07-30T22:59:07","modified_gmt":"2024-07-30T22:59:07","slug":"fashion-freak-fest-2024-celebrara-lo-mejor-de-la-moda-y-la-belleza-dominicana","status":"publish","type":"post","link":"https:\/\/defrentealaverdad.com\/index.php\/2024\/07\/30\/fashion-freak-fest-2024-celebrara-lo-mejor-de-la-moda-y-la-belleza-dominicana\/","title":{"rendered":"Fashion Freak Fest 2024 celebrar\u00e1 lo mejor de la moda y la belleza dominicana"},"content":{"rendered":"<p><img decoding=\"async\" class=\"size-medium wp-image-21897 aligncenter lazyload\" data-src=\"https:\/\/defrentealaverdad.com\/wp-content\/uploads\/2024\/07\/IMG-20240730-WA0207-300x192.jpg\" alt=\"\" width=\"300\" height=\"192\" data-srcset=\"https:\/\/defrentealaverdad.com\/wp-content\/uploads\/2024\/07\/IMG-20240730-WA0207-300x192.jpg 300w, https:\/\/defrentealaverdad.com\/wp-content\/uploads\/2024\/07\/IMG-20240730-WA0207-768x491.jpg 768w, https:\/\/defrentealaverdad.com\/wp-content\/uploads\/2024\/07\/IMG-20240730-WA0207.jpg 851w\" data-sizes=\"(max-width: 300px) 100vw, 300px\" src=\"data:image\/svg+xml;base64,PHN2ZyB3aWR0aD0iMSIgaGVpZ2h0PSIxIiB4bWxucz0iaHR0cDovL3d3dy53My5vcmcvMjAwMC9zdmciPjwvc3ZnPg==\" style=\"--smush-placeholder-width: 300px; --smush-placeholder-aspect-ratio: 300\/192;\" \/><\/p>\n<p style=\"text-align: justify;\">SANTO DOMINGO. &#8211; primer festival de moda y belleza en la Rep\u00fablica Dominicana, \u00abFashion Freak Fest\u00bb, regresa en su segunda edici\u00f3n con dos d\u00edas llenos de desfiles, masterclass, market y experiencias \u00fanicas.<\/p>\n<p style=\"text-align: justify;\">La plataforma l\u00edder en la promoci\u00f3n de la industria local, se llevar\u00e1 a cabo los d\u00edas 10 y 11 de agosto en el Centro de Convenciones del Hotel Dominican Fiesta. Marielle Araujo, quien CEO de Fashion Freak Club, una comunidad que impulsa, conecta y educa a apasionados con destacadas personalidades de la industria expres\u00f3:<\/p>\n<blockquote>\n<p style=\"text-align: justify;\"><em>\u201cFashion Freak Fest surge del inter\u00e9s de destacar las excelentes opciones en la moda que ofrece Rep\u00fablica Dominicana y brindar al p\u00fablico la oportunidad de conocer, comprar y usar estas propuestas \u00fanicas, definitivamente, es una revoluci\u00f3n de la moda en nuestro pa\u00eds\u00bb<\/em><\/p>\n<\/blockquote>\n<p style=\"text-align: justify;\">Este evento promete ser una experiencia inolvidable, reuniendo todas las marcas comerciales de moda, estilo de vida y bienestar en un mismo lugar.<\/p>\n<p><img decoding=\"async\" class=\"size-medium wp-image-21896 aligncenter lazyload\" data-src=\"https:\/\/defrentealaverdad.com\/wp-content\/uploads\/2024\/07\/IMG-20240730-WA0208-300x200.jpg\" alt=\"\" width=\"300\" height=\"200\" data-srcset=\"https:\/\/defrentealaverdad.com\/wp-content\/uploads\/2024\/07\/IMG-20240730-WA0208-300x200.jpg 300w, https:\/\/defrentealaverdad.com\/wp-content\/uploads\/2024\/07\/IMG-20240730-WA0208-1024x682.jpg 1024w, https:\/\/defrentealaverdad.com\/wp-content\/uploads\/2024\/07\/IMG-20240730-WA0208-768x512.jpg 768w, https:\/\/defrentealaverdad.com\/wp-content\/uploads\/2024\/07\/IMG-20240730-WA0208-1536x1023.jpg 1536w, https:\/\/defrentealaverdad.com\/wp-content\/uploads\/2024\/07\/IMG-20240730-WA0208.jpg 1600w\" data-sizes=\"(max-width: 300px) 100vw, 300px\" src=\"data:image\/svg+xml;base64,PHN2ZyB3aWR0aD0iMSIgaGVpZ2h0PSIxIiB4bWxucz0iaHR0cDovL3d3dy53My5vcmcvMjAwMC9zdmciPjwvc3ZnPg==\" style=\"--smush-placeholder-width: 300px; --smush-placeholder-aspect-ratio: 300\/200;\" \/><\/p>\n<p style=\"text-align: justify;\">Tambi\u00e9n se incluir\u00e1n marcas de belleza capilar y corporal, tanto locales como internacionales, ofreciendo a los asistentes una experiencia de compra directa y la oportunidad de descubrir las \u00faltimas tendencias en moda y belleza dominicana.<\/p>\n<p style=\"text-align: justify;\">Asimismo, el evento contar\u00e1 con presentaciones de dise\u00f1adores emergentes, destacados y marcas reconocidas, as\u00ed como con una serie de masterclass, charlas y paneles sobre temas relevantes en la industria de la moda y la belleza. Adem\u00e1s, habr\u00e1 presentaciones art\u00edsticas y actividades interactivas para toda la familia.<\/p>\n<p style=\"text-align: justify;\">El Fashion Freak Fest 2024 es dise\u00f1ado para toda la familia, con boletas disponibles por RD$700 en general y con conferencias variadas con expertos en \u00e1reas afines. Las boletas est\u00e1n disponibles en www.tickera.do.<\/p>\n<p>Fuente: Fashion Freak Fest 2024<\/p>\n","protected":false},"excerpt":{"rendered":"<p>SANTO DOMINGO. &#8211; primer festival de moda y belleza en la Rep\u00fablica Dominicana, \u00abFashion Freak<\/p>\n","protected":false},"author":4,"featured_media":0,"comment_status":"open","ping_status":"open","sticky":false,"template":"","format":"standard","meta":{"footnotes":""},"categories":[6,7],"tags":[],"class_list":["post-21895","post","type-post","status-publish","format-standard","hentry","category-espectaculos","category-nacionales"],"_links":{"self":[{"href":"https:\/\/defrentealaverdad.com\/index.php\/wp-json\/wp\/v2\/posts\/21895","targetHints":{"allow":["GET"]}}],"collection":[{"href":"https:\/\/defrentealaverdad.com\/index.php\/wp-json\/wp\/v2\/posts"}],"about":[{"href":"https:\/\/defrentealaverdad.com\/index.php\/wp-json\/wp\/v2\/types\/post"}],"author":[{"embeddable":true,"href":"https:\/\/defrentealaverdad.com\/index.php\/wp-json\/wp\/v2\/users\/4"}],"replies":[{"embeddable":true,"href":"https:\/\/defrentealaverdad.com\/index.php\/wp-json\/wp\/v2\/comments?post=21895"}],"version-history":[{"count":1,"href":"https:\/\/defrentealaverdad.com\/index.php\/wp-json\/wp\/v2\/posts\/21895\/revisions"}],"predecessor-version":[{"id":21898,"href":"https:\/\/defrentealaverdad.com\/index.php\/wp-json\/wp\/v2\/posts\/21895\/revisions\/21898"}],"wp:attachment":[{"href":"https:\/\/defrentealaverdad.com\/index.php\/wp-json\/wp\/v2\/media?parent=21895"}],"wp:term":[{"taxonomy":"category","embeddable":true,"href":"https:\/\/defrentealaverdad.com\/index.php\/wp-json\/wp\/v2\/categories?post=21895"},{"taxonomy":"post_tag","embeddable":true,"href":"https:\/\/defrentealaverdad.com\/index.php\/wp-json\/wp\/v2\/tags?post=21895"}],"curies":[{"name":"wp","href":"https:\/\/api.w.org\/{rel}","templated":true}]}}