{"id":2189,"date":"2022-11-25T17:07:28","date_gmt":"2022-11-25T17:07:28","guid":{"rendered":"https:\/\/defrentealaverdad.com\/?p=2189"},"modified":"2022-11-25T17:07:49","modified_gmt":"2022-11-25T17:07:49","slug":"zouzou-fameux-interesado-en-la-industria-musical-dominicana","status":"publish","type":"post","link":"https:\/\/defrentealaverdad.com\/index.php\/2022\/11\/25\/zouzou-fameux-interesado-en-la-industria-musical-dominicana\/","title":{"rendered":"Zouzou Fameux interesado en la industria musical dominicana"},"content":{"rendered":"<p><img decoding=\"async\" class=\"alignnone size-medium wp-image-2190 aligncenter lazyload\" data-src=\"https:\/\/defrentealaverdad.com\/wp-content\/uploads\/2022\/11\/WhatsApp-Image-2022-11-25-at-13.05.56-252x300.jpeg\" alt=\"\" width=\"252\" height=\"300\" data-srcset=\"https:\/\/defrentealaverdad.com\/wp-content\/uploads\/2022\/11\/WhatsApp-Image-2022-11-25-at-13.05.56-252x300.jpeg 252w, https:\/\/defrentealaverdad.com\/wp-content\/uploads\/2022\/11\/WhatsApp-Image-2022-11-25-at-13.05.56-862x1024.jpeg 862w, https:\/\/defrentealaverdad.com\/wp-content\/uploads\/2022\/11\/WhatsApp-Image-2022-11-25-at-13.05.56-768x913.jpeg 768w, https:\/\/defrentealaverdad.com\/wp-content\/uploads\/2022\/11\/WhatsApp-Image-2022-11-25-at-13.05.56.jpeg 1242w\" data-sizes=\"(max-width: 252px) 100vw, 252px\" src=\"data:image\/svg+xml;base64,PHN2ZyB3aWR0aD0iMSIgaGVpZ2h0PSIxIiB4bWxucz0iaHR0cDovL3d3dy53My5vcmcvMjAwMC9zdmciPjwvc3ZnPg==\" style=\"--smush-placeholder-width: 252px; --smush-placeholder-aspect-ratio: 252\/300;\" \/><\/p>\n<p style=\"text-align: justify;\">Santo Domingo.-Con el estreno de \u201c24 Degrees\u201d, el famoso artista internacional Zouzou Fameux le rinde homenaje al hip-hop dominicano, una industria que ha sido fuente de inspiraci\u00f3n en muchas de sus canciones.<\/p>\n<p style=\"text-align: justify;\">Si pasas balance a la discogr\u00e1fica de Fameux, quien originalmente se llama Osazuwa Ewere, vas a encontrar temas como \u201cPass\u00e9\u201c, \u201cCouleur\u201d, \u201cFrissons du futur\u201d, y muchos m\u00e1s.<\/p>\n<p style=\"text-align: justify;\"><em>\u201cEste \u00e1lbum va dedicado a todos los amantes del hip-hop, con cari\u00f1o y respeto. Por esto quise expresarle algo especial para mi\u201d.<\/em><\/p>\n<p style=\"text-align: justify;\">El artista pretende en las pr\u00f3ximas semanas hacer presentaci\u00f3n oficial en el pa\u00eds, de la mano de la compa\u00f1\u00eda discogr\u00e1fica The Grace Music, LLC y la distribuidora Random Sounds.<\/p>\n<p>&nbsp;<\/p>\n<p>Fuente: Yisus Taveras<\/p>\n","protected":false},"excerpt":{"rendered":"<p>Santo Domingo.-Con el estreno de \u201c24 Degrees\u201d, el famoso artista internacional Zouzou Fameux le rinde<\/p>\n","protected":false},"author":1,"featured_media":0,"comment_status":"open","ping_status":"open","sticky":false,"template":"","format":"standard","meta":{"footnotes":""},"categories":[7],"tags":[],"class_list":["post-2189","post","type-post","status-publish","format-standard","hentry","category-nacionales"],"_links":{"self":[{"href":"https:\/\/defrentealaverdad.com\/index.php\/wp-json\/wp\/v2\/posts\/2189","targetHints":{"allow":["GET"]}}],"collection":[{"href":"https:\/\/defrentealaverdad.com\/index.php\/wp-json\/wp\/v2\/posts"}],"about":[{"href":"https:\/\/defrentealaverdad.com\/index.php\/wp-json\/wp\/v2\/types\/post"}],"author":[{"embeddable":true,"href":"https:\/\/defrentealaverdad.com\/index.php\/wp-json\/wp\/v2\/users\/1"}],"replies":[{"embeddable":true,"href":"https:\/\/defrentealaverdad.com\/index.php\/wp-json\/wp\/v2\/comments?post=2189"}],"version-history":[{"count":2,"href":"https:\/\/defrentealaverdad.com\/index.php\/wp-json\/wp\/v2\/posts\/2189\/revisions"}],"predecessor-version":[{"id":2192,"href":"https:\/\/defrentealaverdad.com\/index.php\/wp-json\/wp\/v2\/posts\/2189\/revisions\/2192"}],"wp:attachment":[{"href":"https:\/\/defrentealaverdad.com\/index.php\/wp-json\/wp\/v2\/media?parent=2189"}],"wp:term":[{"taxonomy":"category","embeddable":true,"href":"https:\/\/defrentealaverdad.com\/index.php\/wp-json\/wp\/v2\/categories?post=2189"},{"taxonomy":"post_tag","embeddable":true,"href":"https:\/\/defrentealaverdad.com\/index.php\/wp-json\/wp\/v2\/tags?post=2189"}],"curies":[{"name":"wp","href":"https:\/\/api.w.org\/{rel}","templated":true}]}}