{"id":21887,"date":"2024-07-30T22:56:14","date_gmt":"2024-07-30T22:56:14","guid":{"rendered":"https:\/\/defrentealaverdad.com\/?p=21887"},"modified":"2024-07-30T22:56:14","modified_gmt":"2024-07-30T22:56:14","slug":"alcaldia-del-distrito-nacional-designa-nuevos-inspectores-de-planeamiento-urbano","status":"publish","type":"post","link":"https:\/\/defrentealaverdad.com\/index.php\/2024\/07\/30\/alcaldia-del-distrito-nacional-designa-nuevos-inspectores-de-planeamiento-urbano\/","title":{"rendered":"Alcald\u00eda del Distrito Nacional designa nuevos inspectores de Planeamiento Urbano"},"content":{"rendered":"<p style=\"text-align: justify;\"><img decoding=\"async\" class=\"size-medium wp-image-21888 alignleft lazyload\" data-src=\"https:\/\/defrentealaverdad.com\/wp-content\/uploads\/2024\/07\/IMG-20240730-WA0189-300x200.jpg\" alt=\"\" width=\"300\" height=\"200\" data-srcset=\"https:\/\/defrentealaverdad.com\/wp-content\/uploads\/2024\/07\/IMG-20240730-WA0189-300x200.jpg 300w, https:\/\/defrentealaverdad.com\/wp-content\/uploads\/2024\/07\/IMG-20240730-WA0189-768x512.jpg 768w, https:\/\/defrentealaverdad.com\/wp-content\/uploads\/2024\/07\/IMG-20240730-WA0189.jpg 1000w\" data-sizes=\"(max-width: 300px) 100vw, 300px\" src=\"data:image\/svg+xml;base64,PHN2ZyB3aWR0aD0iMSIgaGVpZ2h0PSIxIiB4bWxucz0iaHR0cDovL3d3dy53My5vcmcvMjAwMC9zdmciPjwvc3ZnPg==\" style=\"--smush-placeholder-width: 300px; --smush-placeholder-aspect-ratio: 300\/200;\" \/> \u00a0\u00a0\u00a0Santo Domingo, DN \u2013 La Alcald\u00eda del Distrito Nacional design\u00f3 nuevos inspectores municipales pertenecientes al Departamento de Control y Verificaci\u00f3n de la Direcci\u00f3n de Planeamiento Urbano.<\/p>\n<p style=\"text-align: justify;\">Durante una sesi\u00f3n del Concejo de Regidores, su presidente, Yovany Moya, le tom\u00f3 juramento a Julio Livent Paniagua, Rosanna Mar\u00eda Romero, Karen Cuello Castillo, Ever Corpor\u00e1n y Ana Pe\u00f1a Rubirosa.<\/p>\n<p><img decoding=\"async\" class=\"size-medium wp-image-21890 alignright lazyload\" data-src=\"https:\/\/defrentealaverdad.com\/wp-content\/uploads\/2024\/07\/IMG-20240730-WA0190-300x200.jpg\" alt=\"\" width=\"300\" height=\"200\" data-srcset=\"https:\/\/defrentealaverdad.com\/wp-content\/uploads\/2024\/07\/IMG-20240730-WA0190-300x200.jpg 300w, https:\/\/defrentealaverdad.com\/wp-content\/uploads\/2024\/07\/IMG-20240730-WA0190-768x512.jpg 768w, https:\/\/defrentealaverdad.com\/wp-content\/uploads\/2024\/07\/IMG-20240730-WA0190.jpg 1000w\" data-sizes=\"(max-width: 300px) 100vw, 300px\" src=\"data:image\/svg+xml;base64,PHN2ZyB3aWR0aD0iMSIgaGVpZ2h0PSIxIiB4bWxucz0iaHR0cDovL3d3dy53My5vcmcvMjAwMC9zdmciPjwvc3ZnPg==\" style=\"--smush-placeholder-width: 300px; --smush-placeholder-aspect-ratio: 300\/200;\" \/><\/p>\n<p style=\"text-align: justify;\">Tambi\u00e9n fueron designados Samantha M\u00e1rquez, Francheska Alonzo Castillo, Merelyn Santiago Rodr\u00edguez, Bianka Garc\u00eda Cabrera, Leidy Garo Montero y Carmen Eusebio Ventura.<\/p>\n<p style=\"text-align: justify;\">La designaci\u00f3n se efectu\u00f3 en cumplimiento al art\u00edculo 159 de la Ley 176-07, del Distrito Nacional y los Municipios.<\/p>\n<p style=\"text-align: justify;\"><img decoding=\"async\" class=\"size-medium wp-image-21889 alignleft lazyload\" data-src=\"https:\/\/defrentealaverdad.com\/wp-content\/uploads\/2024\/07\/IMG-20240730-WA0188-300x200.jpg\" alt=\"\" width=\"300\" height=\"200\" data-srcset=\"https:\/\/defrentealaverdad.com\/wp-content\/uploads\/2024\/07\/IMG-20240730-WA0188-300x200.jpg 300w, https:\/\/defrentealaverdad.com\/wp-content\/uploads\/2024\/07\/IMG-20240730-WA0188-768x512.jpg 768w, https:\/\/defrentealaverdad.com\/wp-content\/uploads\/2024\/07\/IMG-20240730-WA0188.jpg 1000w\" data-sizes=\"(max-width: 300px) 100vw, 300px\" src=\"data:image\/svg+xml;base64,PHN2ZyB3aWR0aD0iMSIgaGVpZ2h0PSIxIiB4bWxucz0iaHR0cDovL3d3dy53My5vcmcvMjAwMC9zdmciPjwvc3ZnPg==\" style=\"--smush-placeholder-width: 300px; --smush-placeholder-aspect-ratio: 300\/200;\" \/><\/p>\n<p style=\"text-align: justify;\">En ese sentido, los nuevos funcionarios juraron hacer cumplir en el ejercicio de las funciones representando al ayuntamiento.<\/p>\n<p style=\"text-align: justify;\">Los regidores otorgaron fe p\u00fablica por resoluci\u00f3n a los nuevos inspectores, ya que sus actas de inspecci\u00f3n se utilizan como evidencia en el juzgado municipal para los casos de infracciones que se someten por irregularidades.<\/p>\n<p>Fuente: Prensa ADN<\/p>\n","protected":false},"excerpt":{"rendered":"<p>\u00a0\u00a0\u00a0Santo Domingo, DN \u2013 La Alcald\u00eda del Distrito Nacional design\u00f3 nuevos inspectores municipales pertenecientes al<\/p>\n","protected":false},"author":1,"featured_media":0,"comment_status":"open","ping_status":"open","sticky":false,"template":"","format":"standard","meta":{"footnotes":""},"categories":[7],"tags":[],"class_list":["post-21887","post","type-post","status-publish","format-standard","hentry","category-nacionales"],"_links":{"self":[{"href":"https:\/\/defrentealaverdad.com\/index.php\/wp-json\/wp\/v2\/posts\/21887","targetHints":{"allow":["GET"]}}],"collection":[{"href":"https:\/\/defrentealaverdad.com\/index.php\/wp-json\/wp\/v2\/posts"}],"about":[{"href":"https:\/\/defrentealaverdad.com\/index.php\/wp-json\/wp\/v2\/types\/post"}],"author":[{"embeddable":true,"href":"https:\/\/defrentealaverdad.com\/index.php\/wp-json\/wp\/v2\/users\/1"}],"replies":[{"embeddable":true,"href":"https:\/\/defrentealaverdad.com\/index.php\/wp-json\/wp\/v2\/comments?post=21887"}],"version-history":[{"count":1,"href":"https:\/\/defrentealaverdad.com\/index.php\/wp-json\/wp\/v2\/posts\/21887\/revisions"}],"predecessor-version":[{"id":21894,"href":"https:\/\/defrentealaverdad.com\/index.php\/wp-json\/wp\/v2\/posts\/21887\/revisions\/21894"}],"wp:attachment":[{"href":"https:\/\/defrentealaverdad.com\/index.php\/wp-json\/wp\/v2\/media?parent=21887"}],"wp:term":[{"taxonomy":"category","embeddable":true,"href":"https:\/\/defrentealaverdad.com\/index.php\/wp-json\/wp\/v2\/categories?post=21887"},{"taxonomy":"post_tag","embeddable":true,"href":"https:\/\/defrentealaverdad.com\/index.php\/wp-json\/wp\/v2\/tags?post=21887"}],"curies":[{"name":"wp","href":"https:\/\/api.w.org\/{rel}","templated":true}]}}