{"id":21880,"date":"2024-07-30T22:44:20","date_gmt":"2024-07-30T22:44:20","guid":{"rendered":"https:\/\/defrentealaverdad.com\/?p=21880"},"modified":"2024-07-30T22:44:20","modified_gmt":"2024-07-30T22:44:20","slug":"mediderma-presenta-novedades-antienvejecimiento-a-la-sociedad-dominicana-de-dermatologia","status":"publish","type":"post","link":"https:\/\/defrentealaverdad.com\/index.php\/2024\/07\/30\/mediderma-presenta-novedades-antienvejecimiento-a-la-sociedad-dominicana-de-dermatologia\/","title":{"rendered":"Mediderma presenta novedades antienvejecimiento a la Sociedad Dominicana de Dermatolog\u00eda"},"content":{"rendered":"<blockquote>\n<p style=\"text-align: justify;\">Este encuentro fue el escenario para presentar su innovador protocolo antienvejecimiento, compuesto por activos como pantenol, zinc, \u00e1cido hialur\u00f3nico, silicio org\u00e1nico, entre otros.<\/p>\n<\/blockquote>\n<p style=\"text-align: justify;\">Santo Domingo. Mediderma, divisi\u00f3n profesional de Laboratorios Sesderma, present\u00f3 <img decoding=\"async\" class=\"size-medium wp-image-21881 alignleft lazyload\" data-src=\"https:\/\/defrentealaverdad.com\/wp-content\/uploads\/2024\/07\/IMG-20240730-WA0171-300x200.jpg\" alt=\"\" width=\"300\" height=\"200\" data-srcset=\"https:\/\/defrentealaverdad.com\/wp-content\/uploads\/2024\/07\/IMG-20240730-WA0171-300x200.jpg 300w, https:\/\/defrentealaverdad.com\/wp-content\/uploads\/2024\/07\/IMG-20240730-WA0171-1024x683.jpg 1024w, https:\/\/defrentealaverdad.com\/wp-content\/uploads\/2024\/07\/IMG-20240730-WA0171-768x512.jpg 768w, https:\/\/defrentealaverdad.com\/wp-content\/uploads\/2024\/07\/IMG-20240730-WA0171.jpg 1500w\" data-sizes=\"(max-width: 300px) 100vw, 300px\" src=\"data:image\/svg+xml;base64,PHN2ZyB3aWR0aD0iMSIgaGVpZ2h0PSIxIiB4bWxucz0iaHR0cDovL3d3dy53My5vcmcvMjAwMC9zdmciPjwvc3ZnPg==\" style=\"--smush-placeholder-width: 300px; --smush-placeholder-aspect-ratio: 300\/200;\" \/> las \u00faltimas novedades en procesos antienvejecimiento, en el marco de la tercera reuni\u00f3n ordinaria de la Sociedad Dominicana de Dermatolog\u00eda. Con esto, da respuesta a las tendencias de una belleza natural que busca tratamientos para prevenir y mejorar la salud de la piel sin necesidad de modificar las facciones del rostro.<\/p>\n<p style=\"text-align: justify;\">A esta reuni\u00f3n ordinaria se dieron cita profesionales de distintas ramas de la dermatolog\u00eda. De Igual forma, cont\u00f3 con la intervenci\u00f3n de la Dra. Zaida Brea, directora m\u00e9dica de Sesderma-Mediderma, quien disert\u00f3 acerca de los distintos tratamientos antienvejecimiento disponibles.<\/p>\n<blockquote>\n<p style=\"text-align: justify;\"><em>\u201cLa tendencia de ahora, no es no envejecer, sino saber hacerlo con gracia\u201d. <\/em><\/p>\n<\/blockquote>\n<p style=\"text-align: justify;\"><img decoding=\"async\" class=\"size-medium wp-image-21882 alignright lazyload\" data-src=\"https:\/\/defrentealaverdad.com\/wp-content\/uploads\/2024\/07\/IMG-20240730-WA0172-300x200.jpg\" alt=\"\" width=\"300\" height=\"200\" data-srcset=\"https:\/\/defrentealaverdad.com\/wp-content\/uploads\/2024\/07\/IMG-20240730-WA0172-300x200.jpg 300w, https:\/\/defrentealaverdad.com\/wp-content\/uploads\/2024\/07\/IMG-20240730-WA0172-1024x683.jpg 1024w, https:\/\/defrentealaverdad.com\/wp-content\/uploads\/2024\/07\/IMG-20240730-WA0172-768x512.jpg 768w, https:\/\/defrentealaverdad.com\/wp-content\/uploads\/2024\/07\/IMG-20240730-WA0172.jpg 1500w\" data-sizes=\"(max-width: 300px) 100vw, 300px\" src=\"data:image\/svg+xml;base64,PHN2ZyB3aWR0aD0iMSIgaGVpZ2h0PSIxIiB4bWxucz0iaHR0cDovL3d3dy53My5vcmcvMjAwMC9zdmciPjwvc3ZnPg==\" style=\"--smush-placeholder-width: 300px; --smush-placeholder-aspect-ratio: 300\/200;\" \/>As\u00ed lo expres\u00f3 la Dra. Brea, en representaci\u00f3n de Laboratorios Sesderma y Mediderma, al compartir con los asistentes algunas de las innovaciones est\u00e9ticas y dermatol\u00f3gicas en el mundo de la medicina y la dermocosm\u00e9tica como la micro punci\u00f3n y su uso en terapias combinadas para mejorar el aspecto de la piel.<\/p>\n<p style=\"text-align: justify;\">Mediderma se distingue por su fuerte compromiso con la innovaci\u00f3n, la ciencia, el conocimiento y la investigaci\u00f3n, con lo cual busca reflejar su profunda base cient\u00edfica y m\u00e9dica, a la vez que ofrece a sus clientes productos de alto valor a\u00f1adido, en cuanto a seguridad, calidad y cantidad de activos, demostrando as\u00ed su compromiso con el bienestar de la piel.<\/p>\n<p style=\"text-align: justify;\">Su enfoque va m\u00e1s all\u00e1 de lo superficial, se centra en el bienestar integral y en resaltar la ciencia detr\u00e1s de la verdadera belleza, es por eso que este encuentro fue el escenario propicio para presentar su innovador protocolo antienvejecimiento, el cual est\u00e1 compuesto por activos como pantenol, zinc, \u00e1cido hialur\u00f3nico, silicio org\u00e1nico, entre otros.<\/p>\n<p style=\"text-align: justify;\">En la reuni\u00f3n tambi\u00e9n intervinieron otros m\u00e9dicos dermat\u00f3logos sobre temas como las distintas afecciones cut\u00e1neas, quienes presentaron distintos casos cl\u00ednicos y mostraron c\u00f3mo hab\u00edan influido en estos pacientes los tratamientos seleccionados por los expertos.<\/p>\n<p><strong>Sobre Mediderma<\/strong><\/p>\n<p>Mediderma fue fundada hace 25 a\u00f1os por un grupo de dermat\u00f3logos dirigido por el doctor Gabriel Serrano Sanmiguel, quien tambi\u00e9n fund\u00f3 Sesderma laboratorios, uno de los m\u00e1s reconocidos laboratorios internacionales de productos para el cuidado de la piel, cabello y u\u00f1as, de alta calidad, eficaces y seguros y que est\u00e1 presente en m\u00e1s de 60 pa\u00edses. Desde el principio, hace 35 a\u00f1os, el Dr. Gabriel Serrano ha estado involucrado en el desarrollo de productos cosm\u00e9ticos, nuevos tratamientos para el cuidado de la piel y los protocolos apropiados para lograr una piel saludable. El Dr. Serrano es una autoridad reconocida internacionalmente en el campo de la dermatolog\u00eda cosm\u00e9tica.<\/p>\n<p><strong>Sobre Sesderma\u00a0<\/strong><\/p>\n<p style=\"text-align: justify;\">Sesderma es un laboratorio dermatol\u00f3gico espa\u00f1ol fundado en 1989 por el Dr. Gabriel Serrano, dermat\u00f3logo reconocido en todo el mundo. Sesderma centra su esfuerzo y dedicaci\u00f3n en la investigaci\u00f3n, desarrollo y fabricaci\u00f3n de productos dermocosm\u00e9ticos, contando con una gran especializaci\u00f3n en I+D+i. En la actualidad, la marca est\u00e1 presente en m\u00e1s de 80 pa\u00edses y ha establecido filiales en mercados estrat\u00e9gicos. Adem\u00e1s, cuenta con m\u00e1s de 600 expertos para mantener la excelencia. Su misi\u00f3n se enfoca en atender las necesidades m\u00e1s complejas y espec\u00edficas de cada piel y potenciar su belleza.<\/p>\n<p style=\"text-align: justify;\"><strong>Acerca de la Sociedad Dominicana de Dermatolog\u00eda<\/strong><\/p>\n<p style=\"text-align: justify;\">Es una organizaci\u00f3n no gubernamental, sin fines de lucro, profesional, apol\u00edtica, apartidista y de duraci\u00f3n indefinida, dedicada a fomentar y mantener el nivel y calidad de la Dermatolog\u00eda dominicana, Cirug\u00eda Dermatol\u00f3gica y afines. La Sociedad Dominicana de Dermatolog\u00eda es una entidad que se encarga de promover los principios \u00e9ticos que regulan la actividad de la medicina dermatol\u00f3gica en el pa\u00eds. Sus miembros tienen la responsabilidad de guiar el ejercicio de la Dermatolog\u00eda de manera \u00e9tica y responsable.<\/p>\n<p>Fuente:\u00a0 Raquel N\u00fa\u00f1ez (rnunez@beltcom.com)<\/p>\n","protected":false},"excerpt":{"rendered":"<p>Este encuentro fue el escenario para presentar su innovador protocolo antienvejecimiento, compuesto por activos como<\/p>\n","protected":false},"author":2,"featured_media":0,"comment_status":"open","ping_status":"open","sticky":false,"template":"","format":"standard","meta":{"footnotes":""},"categories":[7],"tags":[],"class_list":["post-21880","post","type-post","status-publish","format-standard","hentry","category-nacionales"],"_links":{"self":[{"href":"https:\/\/defrentealaverdad.com\/index.php\/wp-json\/wp\/v2\/posts\/21880","targetHints":{"allow":["GET"]}}],"collection":[{"href":"https:\/\/defrentealaverdad.com\/index.php\/wp-json\/wp\/v2\/posts"}],"about":[{"href":"https:\/\/defrentealaverdad.com\/index.php\/wp-json\/wp\/v2\/types\/post"}],"author":[{"embeddable":true,"href":"https:\/\/defrentealaverdad.com\/index.php\/wp-json\/wp\/v2\/users\/2"}],"replies":[{"embeddable":true,"href":"https:\/\/defrentealaverdad.com\/index.php\/wp-json\/wp\/v2\/comments?post=21880"}],"version-history":[{"count":1,"href":"https:\/\/defrentealaverdad.com\/index.php\/wp-json\/wp\/v2\/posts\/21880\/revisions"}],"predecessor-version":[{"id":21883,"href":"https:\/\/defrentealaverdad.com\/index.php\/wp-json\/wp\/v2\/posts\/21880\/revisions\/21883"}],"wp:attachment":[{"href":"https:\/\/defrentealaverdad.com\/index.php\/wp-json\/wp\/v2\/media?parent=21880"}],"wp:term":[{"taxonomy":"category","embeddable":true,"href":"https:\/\/defrentealaverdad.com\/index.php\/wp-json\/wp\/v2\/categories?post=21880"},{"taxonomy":"post_tag","embeddable":true,"href":"https:\/\/defrentealaverdad.com\/index.php\/wp-json\/wp\/v2\/tags?post=21880"}],"curies":[{"name":"wp","href":"https:\/\/api.w.org\/{rel}","templated":true}]}}