{"id":21877,"date":"2024-07-30T22:39:23","date_gmt":"2024-07-30T22:39:23","guid":{"rendered":"https:\/\/defrentealaverdad.com\/?p=21877"},"modified":"2024-07-30T22:39:23","modified_gmt":"2024-07-30T22:39:23","slug":"grupo-fueggo-dio-inicio-a-la-detonacion-musical-en-el-concierto-noche-de-reencuentro","status":"publish","type":"post","link":"https:\/\/defrentealaverdad.com\/index.php\/2024\/07\/30\/grupo-fueggo-dio-inicio-a-la-detonacion-musical-en-el-concierto-noche-de-reencuentro\/","title":{"rendered":"Grupo @Fueggo dio inicio a la detonaci\u00f3n musical en el concierto \u201cNoche de Reencuentro\u201d."},"content":{"rendered":"<blockquote>\n<p style=\"text-align: justify;\"><em>El Teatro la Fiesta del hotel Jaragua se llen\u00f3 de merengue y de alegr\u00eda.<\/em><\/p>\n<\/blockquote>\n<p style=\"text-align: justify;\">Santo Domingo, RD -Una noche de gran importancia para nuestra m\u00fasica y sobre todo para nuestro merengue, un reencuentro musical que uni\u00f3 lo mejor de los a\u00f1os dorados del merengue con la nueva representaci\u00f3n de nuestra bandera musical.<\/p>\n<p style=\"text-align: justify;\"><img decoding=\"async\" class=\"size-medium wp-image-21878 alignright lazyload\" data-src=\"https:\/\/defrentealaverdad.com\/wp-content\/uploads\/2024\/07\/IMG-20240730-WA0136-300x200.jpg\" alt=\"\" width=\"300\" height=\"200\" data-srcset=\"https:\/\/defrentealaverdad.com\/wp-content\/uploads\/2024\/07\/IMG-20240730-WA0136-300x200.jpg 300w, https:\/\/defrentealaverdad.com\/wp-content\/uploads\/2024\/07\/IMG-20240730-WA0136-1024x682.jpg 1024w, https:\/\/defrentealaverdad.com\/wp-content\/uploads\/2024\/07\/IMG-20240730-WA0136-768x512.jpg 768w, https:\/\/defrentealaverdad.com\/wp-content\/uploads\/2024\/07\/IMG-20240730-WA0136.jpg 1280w\" data-sizes=\"(max-width: 300px) 100vw, 300px\" src=\"data:image\/svg+xml;base64,PHN2ZyB3aWR0aD0iMSIgaGVpZ2h0PSIxIiB4bWxucz0iaHR0cDovL3d3dy53My5vcmcvMjAwMC9zdmciPjwvc3ZnPg==\" style=\"--smush-placeholder-width: 300px; --smush-placeholder-aspect-ratio: 300\/200;\" \/><\/p>\n<p style=\"text-align: justify;\">En esa hist\u00f3rica noche no pod\u00eda faltar la representaci\u00f3n internacional del merengue y esa responsabilidad le fue otorgada a un proyecto joven de merengue que desde la isla del encanto, Puerto Rico viene consolid\u00e1ndose como el relevo internacional del merengue, nos referimos al ya ampliamente reconocido \u201cGrupo @Fueggo\u201d.<\/p>\n<p style=\"text-align: justify;\">En el Teatro la Fiesta del Hotel Jaragua por primera vez se disfrut\u00f3 del contagioso merengue de #@fueggo quienes dejaron plasmado su sello de calidad en el coraz\u00f3n de los presentes al comp\u00e1s de \u00e9xitos como \u201cEl Beso que no le di, Amigos con derechos, Solo Conmigo, y finalizaron con el \u00e9xito que contin\u00faa rompiendo niveles de popularidad \u201cBendecido\u201d. Expresaron:<\/p>\n<blockquote>\n<p style=\"text-align: justify;\">\u201cGracias a los empresarios Amable Valenzuela y Alberto Bernabe\u2019 (bebetotv) por la oportunidad, pero sobre todo al pueblo dominicano por la aceptaci\u00f3n y apoyo al merengue que con mucho orgullo representamos\u201d. Gracias Rep\u00fablica Dominicana.<\/p>\n<\/blockquote>\n<p style=\"text-align: justify;\">Grupo @fueggo es un proyecto de corte tropical que inicia su carrera musical en mayo del 2019, compuesto por un frente de tres energ\u00e9ticos j\u00f3venes, Samuel, Edwin y Amaro, se\u00f1alados como \u201cEl Col\u00e1geno del Merengue\u201d, proyecto bajo la responsabilidad discogr\u00e1fica de \u2018La Santa Music\u2019 y representados por @sugarpromotions<\/p>\n<p>Fuente: Sugar Promotions<\/p>\n","protected":false},"excerpt":{"rendered":"<p>El Teatro la Fiesta del hotel Jaragua se llen\u00f3 de merengue y de alegr\u00eda. Santo<\/p>\n","protected":false},"author":4,"featured_media":0,"comment_status":"open","ping_status":"open","sticky":false,"template":"","format":"standard","meta":{"footnotes":""},"categories":[16],"tags":[],"class_list":["post-21877","post","type-post","status-publish","format-standard","hentry","category-internacionales"],"_links":{"self":[{"href":"https:\/\/defrentealaverdad.com\/index.php\/wp-json\/wp\/v2\/posts\/21877","targetHints":{"allow":["GET"]}}],"collection":[{"href":"https:\/\/defrentealaverdad.com\/index.php\/wp-json\/wp\/v2\/posts"}],"about":[{"href":"https:\/\/defrentealaverdad.com\/index.php\/wp-json\/wp\/v2\/types\/post"}],"author":[{"embeddable":true,"href":"https:\/\/defrentealaverdad.com\/index.php\/wp-json\/wp\/v2\/users\/4"}],"replies":[{"embeddable":true,"href":"https:\/\/defrentealaverdad.com\/index.php\/wp-json\/wp\/v2\/comments?post=21877"}],"version-history":[{"count":1,"href":"https:\/\/defrentealaverdad.com\/index.php\/wp-json\/wp\/v2\/posts\/21877\/revisions"}],"predecessor-version":[{"id":21879,"href":"https:\/\/defrentealaverdad.com\/index.php\/wp-json\/wp\/v2\/posts\/21877\/revisions\/21879"}],"wp:attachment":[{"href":"https:\/\/defrentealaverdad.com\/index.php\/wp-json\/wp\/v2\/media?parent=21877"}],"wp:term":[{"taxonomy":"category","embeddable":true,"href":"https:\/\/defrentealaverdad.com\/index.php\/wp-json\/wp\/v2\/categories?post=21877"},{"taxonomy":"post_tag","embeddable":true,"href":"https:\/\/defrentealaverdad.com\/index.php\/wp-json\/wp\/v2\/tags?post=21877"}],"curies":[{"name":"wp","href":"https:\/\/api.w.org\/{rel}","templated":true}]}}