{"id":21872,"date":"2024-07-30T22:33:06","date_gmt":"2024-07-30T22:33:06","guid":{"rendered":"https:\/\/defrentealaverdad.com\/?p=21872"},"modified":"2024-07-30T22:33:06","modified_gmt":"2024-07-30T22:33:06","slug":"copardom-reafirma-su-compromiso-con-la-seguridad-y-salud","status":"publish","type":"post","link":"https:\/\/defrentealaverdad.com\/index.php\/2024\/07\/30\/copardom-reafirma-su-compromiso-con-la-seguridad-y-salud\/","title":{"rendered":"COPARDOM reafirma su compromiso con la seguridad y salud"},"content":{"rendered":"<p><img decoding=\"async\" class=\"size-medium wp-image-21873 alignleft lazyload\" data-src=\"https:\/\/defrentealaverdad.com\/wp-content\/uploads\/2024\/07\/IMG-20240730-WA0117-200x300.jpg\" alt=\"\" width=\"200\" height=\"300\" data-srcset=\"https:\/\/defrentealaverdad.com\/wp-content\/uploads\/2024\/07\/IMG-20240730-WA0117-200x300.jpg 200w, https:\/\/defrentealaverdad.com\/wp-content\/uploads\/2024\/07\/IMG-20240730-WA0117.jpg 533w\" data-sizes=\"(max-width: 200px) 100vw, 200px\" src=\"data:image\/svg+xml;base64,PHN2ZyB3aWR0aD0iMSIgaGVpZ2h0PSIxIiB4bWxucz0iaHR0cDovL3d3dy53My5vcmcvMjAwMC9zdmciPjwvc3ZnPg==\" style=\"--smush-placeholder-width: 200px; --smush-placeholder-aspect-ratio: 200\/300;\" \/><\/p>\n<p style=\"text-align: justify;\">Santo Domingo, Rep. Dom.-La Confederaci\u00f3n Patronal de la Rep\u00fablica Dominicana (COPARDOM) enfatiz\u00f3 este martes el compromiso que tiene esa entidad con la seguridad y salud laboral, la cual considera como derechos fundamentales.<\/p>\n<p style=\"text-align: justify;\">La presidenta de COPARDOM, Laura Pe\u00f1a Izquierdo, expres\u00f3 el compromiso de promover el cumplimiento de las leyes laborales y fomentar mejoras continuas en el ambiente de trabajo.<\/p>\n<p style=\"text-align: justify;\">Las declaraciones de la dirigente empresarial fueron externadas a prop\u00f3sito de la informaci\u00f3n rese\u00f1ada en los medios de comunicaci\u00f3n nacionales respecto a empresas que fueron sancionadas por el Ministerio de Trabajo.<\/p>\n<p><img decoding=\"async\" class=\"size-medium wp-image-21874 alignleft lazyload\" data-src=\"https:\/\/defrentealaverdad.com\/wp-content\/uploads\/2024\/07\/IMG-20240730-WA0118-300x223.jpg\" alt=\"\" width=\"300\" height=\"223\" data-srcset=\"https:\/\/defrentealaverdad.com\/wp-content\/uploads\/2024\/07\/IMG-20240730-WA0118-300x223.jpg 300w, https:\/\/defrentealaverdad.com\/wp-content\/uploads\/2024\/07\/IMG-20240730-WA0118-1024x761.jpg 1024w, https:\/\/defrentealaverdad.com\/wp-content\/uploads\/2024\/07\/IMG-20240730-WA0118-768x571.jpg 768w, https:\/\/defrentealaverdad.com\/wp-content\/uploads\/2024\/07\/IMG-20240730-WA0118.jpg 1280w\" data-sizes=\"(max-width: 300px) 100vw, 300px\" src=\"data:image\/svg+xml;base64,PHN2ZyB3aWR0aD0iMSIgaGVpZ2h0PSIxIiB4bWxucz0iaHR0cDovL3d3dy53My5vcmcvMjAwMC9zdmciPjwvc3ZnPg==\" style=\"--smush-placeholder-width: 300px; --smush-placeholder-aspect-ratio: 300\/223;\" \/><\/p>\n<p style=\"text-align: justify;\">En ese sentido, indic\u00f3 que conf\u00eda en que se haya seguido el debido proceso y garantizado la transparencia y justicia para todas las partes involucradas. Pe\u00f1a Izquierdo manifest\u00f3:<\/p>\n<blockquote>\n<p style=\"text-align: justify;\"><em>\u201cCOPARDOM reafirma su compromiso con pr\u00e1cticas laborales responsables y la cooperaci\u00f3n con las autoridades para asegurar el cumplimiento de las leyes y regulaciones\u201d<\/em><\/p>\n<\/blockquote>\n<p>&nbsp;<\/p>\n<p>Fuente:\u00a0 Enver L\u00f3pez Milander<\/p>\n","protected":false},"excerpt":{"rendered":"<p>Santo Domingo, Rep. Dom.-La Confederaci\u00f3n Patronal de la Rep\u00fablica Dominicana (COPARDOM) enfatiz\u00f3 este martes el<\/p>\n","protected":false},"author":4,"featured_media":0,"comment_status":"open","ping_status":"open","sticky":false,"template":"","format":"standard","meta":{"footnotes":""},"categories":[7],"tags":[],"class_list":["post-21872","post","type-post","status-publish","format-standard","hentry","category-nacionales"],"_links":{"self":[{"href":"https:\/\/defrentealaverdad.com\/index.php\/wp-json\/wp\/v2\/posts\/21872","targetHints":{"allow":["GET"]}}],"collection":[{"href":"https:\/\/defrentealaverdad.com\/index.php\/wp-json\/wp\/v2\/posts"}],"about":[{"href":"https:\/\/defrentealaverdad.com\/index.php\/wp-json\/wp\/v2\/types\/post"}],"author":[{"embeddable":true,"href":"https:\/\/defrentealaverdad.com\/index.php\/wp-json\/wp\/v2\/users\/4"}],"replies":[{"embeddable":true,"href":"https:\/\/defrentealaverdad.com\/index.php\/wp-json\/wp\/v2\/comments?post=21872"}],"version-history":[{"count":1,"href":"https:\/\/defrentealaverdad.com\/index.php\/wp-json\/wp\/v2\/posts\/21872\/revisions"}],"predecessor-version":[{"id":21875,"href":"https:\/\/defrentealaverdad.com\/index.php\/wp-json\/wp\/v2\/posts\/21872\/revisions\/21875"}],"wp:attachment":[{"href":"https:\/\/defrentealaverdad.com\/index.php\/wp-json\/wp\/v2\/media?parent=21872"}],"wp:term":[{"taxonomy":"category","embeddable":true,"href":"https:\/\/defrentealaverdad.com\/index.php\/wp-json\/wp\/v2\/categories?post=21872"},{"taxonomy":"post_tag","embeddable":true,"href":"https:\/\/defrentealaverdad.com\/index.php\/wp-json\/wp\/v2\/tags?post=21872"}],"curies":[{"name":"wp","href":"https:\/\/api.w.org\/{rel}","templated":true}]}}