{"id":21869,"date":"2024-07-30T22:30:01","date_gmt":"2024-07-30T22:30:01","guid":{"rendered":"https:\/\/defrentealaverdad.com\/?p=21869"},"modified":"2024-07-30T22:30:01","modified_gmt":"2024-07-30T22:30:01","slug":"filial-sntp-sde-lamenta-fallecimiento-de-madre-de-la-periodista-lilliam-mateo-envia-condolencias-a-sus-familiares","status":"publish","type":"post","link":"https:\/\/defrentealaverdad.com\/index.php\/2024\/07\/30\/filial-sntp-sde-lamenta-fallecimiento-de-madre-de-la-periodista-lilliam-mateo-envia-condolencias-a-sus-familiares\/","title":{"rendered":"Filial SNTP-SDE lamenta fallecimiento de madre de la periodista Lilliam Mateo; env\u00eda condolencias a sus familiares"},"content":{"rendered":"<p><img decoding=\"async\" class=\"size-medium wp-image-21870 aligncenter lazyload\" data-src=\"https:\/\/defrentealaverdad.com\/wp-content\/uploads\/2024\/07\/IMG-20240730-WA0113-300x280.jpg\" alt=\"\" width=\"300\" height=\"280\" data-srcset=\"https:\/\/defrentealaverdad.com\/wp-content\/uploads\/2024\/07\/IMG-20240730-WA0113-300x280.jpg 300w, https:\/\/defrentealaverdad.com\/wp-content\/uploads\/2024\/07\/IMG-20240730-WA0113.jpg 706w\" data-sizes=\"(max-width: 300px) 100vw, 300px\" src=\"data:image\/svg+xml;base64,PHN2ZyB3aWR0aD0iMSIgaGVpZ2h0PSIxIiB4bWxucz0iaHR0cDovL3d3dy53My5vcmcvMjAwMC9zdmciPjwvc3ZnPg==\" style=\"--smush-placeholder-width: 300px; --smush-placeholder-aspect-ratio: 300\/280;\" \/><\/p>\n<p style=\"text-align: justify;\">Santo Domingo Este. &#8211; La filial SNTP-SDE lamento el fallecimiento la ma\u00f1ana de este martes de la se\u00f1ora Tomasa Cornelio, madre de la destacada periodista Lilliam Mateo.<\/p>\n<p style=\"text-align: justify;\">La se\u00f1ora Cornelio de 86 a\u00f1os de edad padec\u00eda desde hace un tiempo d varios quebrantos de salud.<\/p>\n<p style=\"text-align: justify;\">Sus restos ser\u00e1n velados a partir de la tarde de este martes en la funeraria Blandino, de la avenida Sabana Larga, en el ensanche Ozama, de Santo Domingo Este. Sin embargo, aun no se tienen otros detalles sobre su velatorio y sepelio.<\/p>\n<p style=\"text-align: justify;\">Al lamentar su deceso, el secretario general de la filial SNTP-SDE, Wilson Guerrero envi\u00f3 un mensaje de condolencias a nombre de la entidad que aglutina a los periodistas, comunicadores y otros trabajadores de la prensa a Liliam Mateo y los dem\u00e1s familiares<\/p>\n<p style=\"text-align: justify;\">A la se\u00f1ora Tomasa Cornelio nacida en el municipio de Gonzalo en la provincia Monte Plata, el 15 de septiembre de 1938 les sobreviven sus hijos, adem\u00e1s de Lilliam, Belkis Margarita, Ambiorix y Alexander, as\u00ed como varios nietos.<\/p>\n<p style=\"text-align: justify;\">La periodista Lilliam Mateo labora en el Consejo Nacional de Promoci\u00f3n y Apoyo a la Micro, Peque\u00f1a y Mediana Empresa en Rep\u00fablica Dominicana (Promipyme) y en el peri\u00f3dico El Nuevo Diario. Es directiva del Sindicato Nacional de Trabajadores de la Prensa (SNTP).<\/p>\n<p>&nbsp;<\/p>\n<p>Fuente: Prensa y RRPP SNTP<\/p>\n","protected":false},"excerpt":{"rendered":"<p>Santo Domingo Este. &#8211; La filial SNTP-SDE lamento el fallecimiento la ma\u00f1ana de este martes<\/p>\n","protected":false},"author":1,"featured_media":0,"comment_status":"open","ping_status":"open","sticky":false,"template":"","format":"standard","meta":{"footnotes":""},"categories":[7],"tags":[],"class_list":["post-21869","post","type-post","status-publish","format-standard","hentry","category-nacionales"],"_links":{"self":[{"href":"https:\/\/defrentealaverdad.com\/index.php\/wp-json\/wp\/v2\/posts\/21869","targetHints":{"allow":["GET"]}}],"collection":[{"href":"https:\/\/defrentealaverdad.com\/index.php\/wp-json\/wp\/v2\/posts"}],"about":[{"href":"https:\/\/defrentealaverdad.com\/index.php\/wp-json\/wp\/v2\/types\/post"}],"author":[{"embeddable":true,"href":"https:\/\/defrentealaverdad.com\/index.php\/wp-json\/wp\/v2\/users\/1"}],"replies":[{"embeddable":true,"href":"https:\/\/defrentealaverdad.com\/index.php\/wp-json\/wp\/v2\/comments?post=21869"}],"version-history":[{"count":1,"href":"https:\/\/defrentealaverdad.com\/index.php\/wp-json\/wp\/v2\/posts\/21869\/revisions"}],"predecessor-version":[{"id":21871,"href":"https:\/\/defrentealaverdad.com\/index.php\/wp-json\/wp\/v2\/posts\/21869\/revisions\/21871"}],"wp:attachment":[{"href":"https:\/\/defrentealaverdad.com\/index.php\/wp-json\/wp\/v2\/media?parent=21869"}],"wp:term":[{"taxonomy":"category","embeddable":true,"href":"https:\/\/defrentealaverdad.com\/index.php\/wp-json\/wp\/v2\/categories?post=21869"},{"taxonomy":"post_tag","embeddable":true,"href":"https:\/\/defrentealaverdad.com\/index.php\/wp-json\/wp\/v2\/tags?post=21869"}],"curies":[{"name":"wp","href":"https:\/\/api.w.org\/{rel}","templated":true}]}}