{"id":21858,"date":"2024-07-30T22:16:43","date_gmt":"2024-07-30T22:16:43","guid":{"rendered":"https:\/\/defrentealaverdad.com\/?p=21858"},"modified":"2024-07-30T22:34:02","modified_gmt":"2024-07-30T22:34:02","slug":"botellitas-entregadas-en-plasticos-por-escolares-seran-convertidas-en-mobiliario-urbano","status":"publish","type":"post","link":"https:\/\/defrentealaverdad.com\/index.php\/2024\/07\/30\/botellitas-entregadas-en-plasticos-por-escolares-seran-convertidas-en-mobiliario-urbano\/","title":{"rendered":"Botellitas entregadas en Pl\u00e1sticos por Escolares ser\u00e1n convertidas en mobiliario urbano"},"content":{"rendered":"<blockquote>\n<p style=\"text-align: justify;\"><em>La primera edici\u00f3n de Pl\u00e1sticos por Escolares se realizar\u00e1 el domingo 11 de agosto en el Palacio Municipal<\/em><\/p>\n<\/blockquote>\n<p style=\"text-align: justify;\">Santo Domingo, DN &#8211; La Fundaci\u00f3n Botellas de Amor convertir\u00e1 las botellitas recolectadas en Pl\u00e1sticos por Escolares en madera pl\u00e1stica para construir mobiliario urbano.<\/p>\n<p style=\"text-align: justify;\"><img decoding=\"async\" class=\"size-medium wp-image-21859 alignleft lazyload\" data-src=\"https:\/\/defrentealaverdad.com\/wp-content\/uploads\/2024\/07\/IMG-20240730-WA0047-225x300.jpg\" alt=\"\" width=\"225\" height=\"300\" data-srcset=\"https:\/\/defrentealaverdad.com\/wp-content\/uploads\/2024\/07\/IMG-20240730-WA0047-225x300.jpg 225w, https:\/\/defrentealaverdad.com\/wp-content\/uploads\/2024\/07\/IMG-20240730-WA0047-768x1024.jpg 768w, https:\/\/defrentealaverdad.com\/wp-content\/uploads\/2024\/07\/IMG-20240730-WA0047-1152x1536.jpg 1152w, https:\/\/defrentealaverdad.com\/wp-content\/uploads\/2024\/07\/IMG-20240730-WA0047-450x600.jpg 450w, https:\/\/defrentealaverdad.com\/wp-content\/uploads\/2024\/07\/IMG-20240730-WA0047.jpg 1200w\" data-sizes=\"(max-width: 225px) 100vw, 225px\" src=\"data:image\/svg+xml;base64,PHN2ZyB3aWR0aD0iMSIgaGVpZ2h0PSIxIiB4bWxucz0iaHR0cDovL3d3dy53My5vcmcvMjAwMC9zdmciPjwvc3ZnPg==\" style=\"--smush-placeholder-width: 225px; --smush-placeholder-aspect-ratio: 225\/300;\" \/> El director y vicepresidente ejecutivo de la fundaci\u00f3n, Ferm\u00edn Arturo Acosta, valor\u00f3 la decisi\u00f3n de la Alcald\u00eda del Distrito Nacional para realizar la primera edici\u00f3n de Pl\u00e1sticos por Escolares el domingo 11 de agosto.<\/p>\n<p style=\"text-align: justify;\"><em>\u201cNosotros hacemos un perfil de pl\u00e1stico reciclado que es una madera pl\u00e1stica, y con eso hacemos mobiliario urbano como bancos, sillas, mesas, parques infantiles y la meta a largo plazo es hacer viviendas\u201d<\/em><\/p>\n<p style=\"text-align: justify;\">Defini\u00f3 como una gran iniciativa que se incentive en esta ocasi\u00f3n a que los pl\u00e1sticos sean recolectados para convertirse en un aporte para la educaci\u00f3n.<\/p>\n<blockquote>\n<p style=\"text-align: justify;\"><em>\u201cEstamos muy agradecidos con la alcaldesa, con alcald\u00eda y todos los colaboradores y patrocinadores que participan en Pl\u00e1sticos por Juguetes, porque sin ellos no fuera posible que la Fundaci\u00f3n Botellas de Amor pudiera tener esa colaboraci\u00f3n social con la comunidad\u201d.<\/em><\/p>\n<\/blockquote>\n<p style=\"text-align: justify;\">En la cuarta edici\u00f3n de Pl\u00e1sticos por Juguetes, realizada en enero de este a\u00f1o, se logr\u00f3 recolectar tres millones 40 mil 445 botellas, <img decoding=\"async\" class=\"size-medium wp-image-21861 alignright lazyload\" data-src=\"https:\/\/defrentealaverdad.com\/wp-content\/uploads\/2024\/07\/IMG-20240730-WA0049-225x300.jpg\" alt=\"\" width=\"225\" height=\"300\" data-srcset=\"https:\/\/defrentealaverdad.com\/wp-content\/uploads\/2024\/07\/IMG-20240730-WA0049-225x300.jpg 225w, https:\/\/defrentealaverdad.com\/wp-content\/uploads\/2024\/07\/IMG-20240730-WA0049-768x1024.jpg 768w, https:\/\/defrentealaverdad.com\/wp-content\/uploads\/2024\/07\/IMG-20240730-WA0049-1152x1536.jpg 1152w, https:\/\/defrentealaverdad.com\/wp-content\/uploads\/2024\/07\/IMG-20240730-WA0049-450x600.jpg 450w, https:\/\/defrentealaverdad.com\/wp-content\/uploads\/2024\/07\/IMG-20240730-WA0049.jpg 1200w\" data-sizes=\"(max-width: 225px) 100vw, 225px\" src=\"data:image\/svg+xml;base64,PHN2ZyB3aWR0aD0iMSIgaGVpZ2h0PSIxIiB4bWxucz0iaHR0cDovL3d3dy53My5vcmcvMjAwMC9zdmciPjwvc3ZnPg==\" style=\"--smush-placeholder-width: 225px; --smush-placeholder-aspect-ratio: 225\/300;\" \/>superando los 2.2 millones del a\u00f1o pasado. En ambas ediciones las botellitas fueron destinadas a Botellas de Amor.<\/p>\n<p style=\"text-align: justify;\">Ferm\u00edn Arturo Acosta espera que los ciudadanos de la capital tomen incluso con mayor car\u00e1cter a Pl\u00e1sticos por Escolares, por lo que esta iniciativa significa de cara a la educaci\u00f3n.<\/p>\n<p style=\"text-align: justify;\">Adem\u00e1s, indic\u00f3 que la fundaci\u00f3n realiza un programa de educaci\u00f3n ambiental, asistiendo a los centros educativos para ense\u00f1arle a los ni\u00f1os a separar los residuos.<\/p>\n<p style=\"text-align: justify;\"><strong>Botellas de Amor considera invaluable aporte de Alcald\u00eda del DN<\/strong><\/p>\n<p style=\"text-align: justify;\">En palabras del director de Botellas de Amor, no hay manera de cuantificar el valor que tiene para la fundaci\u00f3n el aporte que hecho la Alcald\u00eda del Distrito Nacional en Pl\u00e1sticos por Juguetes. Con referencia a las ediciones de 2023 y 2024 de Pl\u00e1sticos por Juguetes acot\u00f3:<\/p>\n<blockquote>\n<p style=\"text-align: justify;\"><em>\u201cEl significado para nosotros como fundaci\u00f3n es invaluable, ya que gracias a la alcald\u00eda no solamente hemos tenido otras instituciones p\u00fablicas que se han acercado, sino que hemos recibido donaciones en dos ocasiones\u201d<\/em><\/p>\n<\/blockquote>\n<p><strong>Pl\u00e1sticos por Escolares<\/strong><\/p>\n<p><img decoding=\"async\" class=\"size-medium wp-image-21860 alignleft lazyload\" data-src=\"https:\/\/defrentealaverdad.com\/wp-content\/uploads\/2024\/07\/IMG-20240730-WA0048-225x300.jpg\" alt=\"\" width=\"225\" height=\"300\" data-srcset=\"https:\/\/defrentealaverdad.com\/wp-content\/uploads\/2024\/07\/IMG-20240730-WA0048-225x300.jpg 225w, https:\/\/defrentealaverdad.com\/wp-content\/uploads\/2024\/07\/IMG-20240730-WA0048-768x1024.jpg 768w, https:\/\/defrentealaverdad.com\/wp-content\/uploads\/2024\/07\/IMG-20240730-WA0048-1152x1536.jpg 1152w, https:\/\/defrentealaverdad.com\/wp-content\/uploads\/2024\/07\/IMG-20240730-WA0048-450x600.jpg 450w, https:\/\/defrentealaverdad.com\/wp-content\/uploads\/2024\/07\/IMG-20240730-WA0048.jpg 1200w\" data-sizes=\"(max-width: 225px) 100vw, 225px\" src=\"data:image\/svg+xml;base64,PHN2ZyB3aWR0aD0iMSIgaGVpZ2h0PSIxIiB4bWxucz0iaHR0cDovL3d3dy53My5vcmcvMjAwMC9zdmciPjwvc3ZnPg==\" style=\"--smush-placeholder-width: 225px; --smush-placeholder-aspect-ratio: 225\/300;\" \/><\/p>\n<p style=\"text-align: justify;\">Desde el anunci\u00f3 hace unas semanas de la primera edici\u00f3n de Pl\u00e1sticos por \u00datiles Escolares, familias del Distrito Nacional han comenzado a colectar las botellitas para el 11 de agosto.<\/p>\n<p style=\"text-align: justify;\">Los asistentes podr\u00e1n adquirir una mochila con \u00fatiles y una tableta por 500 botellitas pl\u00e1sticas. Mientras que una mochila llena de \u00fatiles podr\u00e1 ser canjeada por 300 botellitas. Ambas opciones van acompa\u00f1adas por un termo que mantiene la temperatura, con la finalidad de reducir el uso de las botellitas pl\u00e1sticas.<\/p>\n<p style=\"text-align: justify;\">Adem\u00e1s, el cabildo precis\u00f3 que las edades comprendidas para recibir los \u00fatiles ser\u00e1n de 5 a 18 a\u00f1os.<\/p>\n<p style=\"text-align: justify;\">Asimismo, se entregar\u00e1n hasta dos mochilas por cada c\u00e9dula del tutor que asista al canje. En ese sentido, el ADN aclar\u00f3 que es imprescindible presentar ese documento de identidad que confirme la residencia en el Distrito Nacional para los tutores poder participar en esta actividad.<\/p>\n<p>Fuente: Prensa ADN<\/p>\n","protected":false},"excerpt":{"rendered":"<p>La primera edici\u00f3n de Pl\u00e1sticos por Escolares se realizar\u00e1 el domingo 11 de agosto en<\/p>\n","protected":false},"author":2,"featured_media":0,"comment_status":"open","ping_status":"open","sticky":false,"template":"","format":"standard","meta":{"footnotes":""},"categories":[7],"tags":[],"class_list":["post-21858","post","type-post","status-publish","format-standard","hentry","category-nacionales"],"_links":{"self":[{"href":"https:\/\/defrentealaverdad.com\/index.php\/wp-json\/wp\/v2\/posts\/21858","targetHints":{"allow":["GET"]}}],"collection":[{"href":"https:\/\/defrentealaverdad.com\/index.php\/wp-json\/wp\/v2\/posts"}],"about":[{"href":"https:\/\/defrentealaverdad.com\/index.php\/wp-json\/wp\/v2\/types\/post"}],"author":[{"embeddable":true,"href":"https:\/\/defrentealaverdad.com\/index.php\/wp-json\/wp\/v2\/users\/2"}],"replies":[{"embeddable":true,"href":"https:\/\/defrentealaverdad.com\/index.php\/wp-json\/wp\/v2\/comments?post=21858"}],"version-history":[{"count":1,"href":"https:\/\/defrentealaverdad.com\/index.php\/wp-json\/wp\/v2\/posts\/21858\/revisions"}],"predecessor-version":[{"id":21863,"href":"https:\/\/defrentealaverdad.com\/index.php\/wp-json\/wp\/v2\/posts\/21858\/revisions\/21863"}],"wp:attachment":[{"href":"https:\/\/defrentealaverdad.com\/index.php\/wp-json\/wp\/v2\/media?parent=21858"}],"wp:term":[{"taxonomy":"category","embeddable":true,"href":"https:\/\/defrentealaverdad.com\/index.php\/wp-json\/wp\/v2\/categories?post=21858"},{"taxonomy":"post_tag","embeddable":true,"href":"https:\/\/defrentealaverdad.com\/index.php\/wp-json\/wp\/v2\/tags?post=21858"}],"curies":[{"name":"wp","href":"https:\/\/api.w.org\/{rel}","templated":true}]}}