{"id":21823,"date":"2024-07-29T01:33:24","date_gmt":"2024-07-29T01:33:24","guid":{"rendered":"https:\/\/defrentealaverdad.com\/?p=21823"},"modified":"2024-07-30T01:36:27","modified_gmt":"2024-07-30T01:36:27","slug":"la-organizacion-de-los-jjoo-pide-perdon-a-los-ofendidos-por-la-representacion-de-la-ultima-cena-en-la-inauguracion","status":"publish","type":"post","link":"https:\/\/defrentealaverdad.com\/index.php\/2024\/07\/29\/la-organizacion-de-los-jjoo-pide-perdon-a-los-ofendidos-por-la-representacion-de-la-ultima-cena-en-la-inauguracion\/","title":{"rendered":"La organizaci\u00f3n de los JJOO pide perd\u00f3n a los ofendidos por la representaci\u00f3n de La \u00faltima cena en la inauguraci\u00f3n"},"content":{"rendered":"<div class=\"voc-article-container\">\n<div class=\"voc-article voc-article--detail voc-article--detail-base \">\n<div class=\"voc-info-container\">\n<p class=\"voc-subtitle\" style=\"text-align: justify;\"><strong><em>Un actor que interpretaba al dios griego Dioniso ocup\u00f3 el centro del escenario en una mesa con drag queens<\/em><\/strong><\/p>\n<\/div>\n<div class=\"voc-img-container voc-img-container--fw-xs voc-img-container--w-col-ab\" style=\"text-align: justify;\">\n<figure class=\"voc-img-figure\">\n<div class=\"voc-img-link\"><img decoding=\"async\" class=\"voc-img aligncenter lazyload\" data-src=\"https:\/\/s2.abcstatics.com\/abc\/www\/multimedia\/deportes\/2024\/07\/28\/Supper-kebH-U602895900431gd-1200x840@diario_abc.JPG\" alt=\"Representaci\u00f3n de la \u00daltima Cena durante los juegos ol\u00edmpicos de Par\u00eds\" width=\"1200\" height=\"840\" src=\"data:image\/svg+xml;base64,PHN2ZyB3aWR0aD0iMSIgaGVpZ2h0PSIxIiB4bWxucz0iaHR0cDovL3d3dy53My5vcmcvMjAwMC9zdmciPjwvc3ZnPg==\" style=\"--smush-placeholder-width: 1200px; --smush-placeholder-aspect-ratio: 1200\/840;\" \/><\/div>\n<\/figure>\n<p>La organizadora de los Juegos Ol\u00edmpicos Par\u00eds 2024, Anne Descamps,\u00a0<strong>se ha disculpado este domingo por cualquier ofensa\u00a0<\/strong>causada por las representaciones religiosas durante la ceremonia de apertura de los Juegos Ol\u00edmpicos el pasado viernes y ha negado cualquier intenci\u00f3n de \u00abfaltar al respeto\u00bb a ninguna fe tras las quejas de os obispos franceses.<\/p>\n<\/div>\n<\/div>\n<\/div>\n<div class=\"voc-d \" data-voc-component=\"voc-d\">\n<blockquote>\n<p class=\"voc-p\" style=\"text-align: justify;\">\u00abEst\u00e1 claro que nunca ha habido intenci\u00f3n de faltar al respeto a ning\u00fan grupo religioso (&#8230;) Si alguien se ha sentido ofendido, por supuesto que<strong>\u00a0lo sentimos much\u00edsimo<\/strong>\u00bb, ha declarado.<\/p>\n<\/blockquote>\n<div class=\"voc-advertising\" style=\"text-align: justify;\">\n<div class=\"voc-advertising__item\"><span style=\"text-align: justify;\">Algunos grupos cat\u00f3licos y obispos franceses han condenado lo que consideran <\/span><strong style=\"text-align: justify;\">\u00abescenas de escarnio y burla del cristianismo\u00bb<\/strong><span style=\"text-align: justify;\">\u00a0en el desfile del viernes, coreografiado por el director de teatro Thomas Jolly. Las cr\u00edticas se han centrado en una escena con bailarines, drag queens y un DJ en poses que recordaban representaciones &#8216;La \u00daltima Cena&#8217;, de Leonardo da Vinci.<\/span><\/div>\n<\/div>\n<section class=\"voc-c-container voc-c-container--bdr\">\n<div class=\"voc-d-c-related-news\">\n<div class=\"voc-article-container\">\n<article class=\"voc-article voc-article--c-related-news voc-article--photo-right \">\n<div><\/div>\n<div class=\"voc-info-container\">Jolly, de 42 a\u00f1os, <strong>neg\u00f3 haberse inspirado en &#8216;La \u00daltima Cena&#8217;<\/strong>\u00a0en su producci\u00f3n de casi cuatro horas, que tuvo lugar bajo una lluvia torrencial a orillas del r\u00edo Sena. Descamps ha asegurado que el core\u00f3grafo \u00abintent\u00f3 celebrar la tolerancia comunitaria\u00bb y considera que \u00abconsigui\u00f3 este objetivo\u00bb.<\/div>\n<\/article>\n<\/div>\n<\/div>\n<\/section>\n<aside class=\"voc-c-container\"><\/aside>\n<blockquote>\n<p class=\"voc-p\">\u00abNo fue mi inspiraci\u00f3n. Creo que resulta bastante claro que se trata de Dioniso y que este llega a la mesa al tratarse del dios griego de la festividad y del vino\u00bb, as\u00ed como \u00abel padre de Secuana, que es la diosa vinculada al r\u00edo Sena\u00bb, ha explicado Jolly en el plat\u00f3 de BFM TV. Con estas palabras, este director de teatro y \u00f3pera franc\u00e9s, especialista en la dramaturgia cl\u00e1sica, ha echado algo de agua al vino de la pol\u00e9mica suscitada desde el viernes por la noche.<\/p>\n<\/blockquote>\n<p class=\"voc-p\" style=\"text-align: justify;\">El director del arriesgado acto inaugural ha confirmado que, en realidad, hall\u00f3 su inspiraci\u00f3n en el cuadro &#8216;La fiesta de los dioses&#8217; de\u00a0<strong>Jan Harmensz<\/strong>, expuesto en el museo Magnin en Dijon (centro-este de Francia). En esa obra del pintor flamenco, la divinidad coronada en el medio, que muchos confundieron con Jes\u00fas, representa a Apolo, una de las principales divinidades griegas. \u00abLa idea era hacer una gran fiesta pagana vinculada con los dioses del Olimpo y, por consiguiente, del Olimpismo\u00bb, ha defendido Jolly.<\/p>\n<blockquote>\n<p class=\"voc-p\" style=\"text-align: justify;\">\u00abSi utilizan nuestro trabajo para generar de nuevo (\u2026) divisiones y odio, (\u2026) ser\u00eda una l\u00e1stima\u00bb, ha dicho este dramaturgo y escen\u00f3grafo galardonado en Francia, pero poco conocido hasta ahora a nivel internacional. Debido al momento de la chansonnette de Katerine, pero tambi\u00e9n por la escena de la decapitaci\u00f3n de Mar\u00eda Antonieta o la interpretaci\u00f3n de la cantante Aya Nakamura con la Guardia Republicana, la ultraderecha critic\u00f3 con dureza el acto inaugural.<\/p>\n<\/blockquote>\n<p class=\"voc-p\" style=\"text-align: justify;\">La Iglesia Cat\u00f3lica francesa tambi\u00e9n lament\u00f3 \u00abescenas de burla y escarnio del cristianismo\u00bb. En el caso de Espa\u00f1a,\u00a0<strong>Javier Tebas<\/strong>, presidente de LaLiga de f\u00fatbol y votante declarado de Vox, lo\u00a0calific\u00f3 de \u00abinaceptable, irrespetuoso, infame\u00bb, en una publicaci\u00f3n en la red social X. Sin embargo, la prensa francesa e internacional elogi\u00f3 mayoritariamente la ceremonia, que tuvo un final para el recuerdo con leyendas del deporte (Rafa Nadal, Nadia Comaneci, Carl Lewis\u2026) llevando la antorcha en una lancha, el encendido de un pebetero con forma de globo aerost\u00e1tico y la interpretaci\u00f3n del &#8216;Himno al amor&#8217; de Piaf por parte de C\u00e9line Dion.<\/p>\n<p class=\"voc-p\" style=\"text-align: justify;\">El Comit\u00e9 Ol\u00edmpico Internacional afirm\u00f3 que Jolly no hab\u00eda aportado una piedra, sino \u00abuna monta\u00f1a\u00bb al edificio ol\u00edmpico. A pesar de ello,\u00a0<strong>el COI<\/strong>\u00a0ha tenido que censurar y retirar la versi\u00f3n integral del video del desfile en su canal de YouTube en varios pa\u00edses.<\/p>\n<p>Fuente: ABC<\/p>\n<\/div>\n","protected":false},"excerpt":{"rendered":"<p>Un actor que interpretaba al dios griego Dioniso ocup\u00f3 el centro del escenario en una<\/p>\n","protected":false},"author":1,"featured_media":0,"comment_status":"open","ping_status":"open","sticky":false,"template":"","format":"standard","meta":{"footnotes":""},"categories":[16],"tags":[],"class_list":["post-21823","post","type-post","status-publish","format-standard","hentry","category-internacionales"],"_links":{"self":[{"href":"https:\/\/defrentealaverdad.com\/index.php\/wp-json\/wp\/v2\/posts\/21823","targetHints":{"allow":["GET"]}}],"collection":[{"href":"https:\/\/defrentealaverdad.com\/index.php\/wp-json\/wp\/v2\/posts"}],"about":[{"href":"https:\/\/defrentealaverdad.com\/index.php\/wp-json\/wp\/v2\/types\/post"}],"author":[{"embeddable":true,"href":"https:\/\/defrentealaverdad.com\/index.php\/wp-json\/wp\/v2\/users\/1"}],"replies":[{"embeddable":true,"href":"https:\/\/defrentealaverdad.com\/index.php\/wp-json\/wp\/v2\/comments?post=21823"}],"version-history":[{"count":2,"href":"https:\/\/defrentealaverdad.com\/index.php\/wp-json\/wp\/v2\/posts\/21823\/revisions"}],"predecessor-version":[{"id":21825,"href":"https:\/\/defrentealaverdad.com\/index.php\/wp-json\/wp\/v2\/posts\/21823\/revisions\/21825"}],"wp:attachment":[{"href":"https:\/\/defrentealaverdad.com\/index.php\/wp-json\/wp\/v2\/media?parent=21823"}],"wp:term":[{"taxonomy":"category","embeddable":true,"href":"https:\/\/defrentealaverdad.com\/index.php\/wp-json\/wp\/v2\/categories?post=21823"},{"taxonomy":"post_tag","embeddable":true,"href":"https:\/\/defrentealaverdad.com\/index.php\/wp-json\/wp\/v2\/tags?post=21823"}],"curies":[{"name":"wp","href":"https:\/\/api.w.org\/{rel}","templated":true}]}}