{"id":21821,"date":"2024-07-29T01:31:58","date_gmt":"2024-07-29T01:31:58","guid":{"rendered":"https:\/\/defrentealaverdad.com\/?p=21821"},"modified":"2024-07-30T01:33:02","modified_gmt":"2024-07-30T01:33:02","slug":"el-capitan-de-rd-pide-disculpa-por-dar-una-patada-al-espanol-cubarsi","status":"publish","type":"post","link":"https:\/\/defrentealaverdad.com\/index.php\/2024\/07\/29\/el-capitan-de-rd-pide-disculpa-por-dar-una-patada-al-espanol-cubarsi\/","title":{"rendered":"El capit\u00e1n de RD pide disculpa por dar una patada al espa\u00f1ol Cubars\u00ed"},"content":{"rendered":"<header class=\"entry-header\"><\/header>\n<div class=\"entry-meta entry-meta-main\" style=\"text-align: justify;\"><\/div>\n<figure class=\"post-thumbnail\" style=\"text-align: justify;\"><img decoding=\"async\" class=\"post-thumbnail__img wp-post-image alignleft lazyload\" data-src=\"https:\/\/robertocavada.com\/wp-content\/uploads\/2024\/07\/19441713_web1_Paris-Olympics-Soccer-770x540.webp\" alt=\"El capit\u00e1n de Rep\u00fablica Dominicana pide disculpa por dar una patada al espa\u00f1ol Cubars\u00ed\" width=\"770\" height=\"540\" src=\"data:image\/svg+xml;base64,PHN2ZyB3aWR0aD0iMSIgaGVpZ2h0PSIxIiB4bWxucz0iaHR0cDovL3d3dy53My5vcmcvMjAwMC9zdmciPjwvc3ZnPg==\" style=\"--smush-placeholder-width: 770px; --smush-placeholder-aspect-ratio: 770\/540;\" \/><\/figure>\n<div class=\"entry-content\">\n<div id=\"st-1\" class=\"sharethis-inline-share-buttons st-center st-lang-es st-has-labels  st-inline-share-buttons st-animated\" style=\"text-align: justify;\">\n<div class=\"st-btn st-last st-remove-label\" data-network=\"whatsapp\"><strong>Edison Azcona<\/strong>, capit\u00e1n de la Rep\u00fablica Dominicana, pidi\u00f3 \u201cdisculpa\u201d por darle una patada este s\u00e1bado en la entrepierna al central Paul Cubars\u00ed, lo que le cost\u00f3 su expulsi\u00f3n, en el partido que el pa\u00eds caribe\u00f1o perdi\u00f3 por 1-3 ante Espa\u00f1a en los Juegos Ol\u00edmpicos Par\u00eds 2024.<\/div>\n<\/div>\n<div id=\"advads-a23b486eb9389ce1572c8e05bff8f8a2\" class=\"advads-a23b486eb9389ce1572c8e05bff8f8a2 advads-content-first-paragraph\" style=\"text-align: justify;\">\n<div id=\"advads-1915404188\" class=\"advads-content-first-paragraph\">\n<div id=\"advads-865114284\" data-advads-trackid=\"399298\" data-advads-trackbid=\"1\">A trav\u00e9s de su cuenta de la red X, Azcona pidi\u00f3 \u201cdisculpa a todo el pueblo dominicano y a todos los que est\u00e1n apoy\u00e1ndonos\u201d, reconoci\u00f3 que el \u201cerror\u201d que cometi\u00f3 \u201ces imperdonable\u201d y consider\u00f3 que si no lo hubiera hecho \u201clo m\u00e1s probable\u201d es que el resultado fuera diferente.<\/div>\n<\/div>\n<\/div>\n<blockquote class=\"wp-block-quote\"><p><em>\u201cLo siento mucho, algo as\u00ed no vuelve a pasar\u201d, concluy\u00f3 Azcona, quien fue expulsado en el primer minuto de a\u00f1adido de la primera mitad del partido contra Espa\u00f1a al darle, desde el suelo, una patada a Cubars\u00ed.<\/em><\/p><\/blockquote>\n<p style=\"text-align: justify;\">La acci\u00f3n le har\u00e1 perderse el siguiente encuentro de Rep\u00fablica Dominicana, el martes 30 de julio frente a Uzbekist\u00e1n en el Parque de los Pr\u00edncipes de Par\u00eds.<\/p>\n<p>Fuente: RC Noticias<\/p>\n<\/div>\n","protected":false},"excerpt":{"rendered":"<p>Edison Azcona, capit\u00e1n de la Rep\u00fablica Dominicana, pidi\u00f3 \u201cdisculpa\u201d por darle una patada este s\u00e1bado<\/p>\n","protected":false},"author":2,"featured_media":0,"comment_status":"open","ping_status":"open","sticky":false,"template":"","format":"standard","meta":{"footnotes":""},"categories":[3,16],"tags":[],"class_list":["post-21821","post","type-post","status-publish","format-standard","hentry","category-deportes","category-internacionales"],"_links":{"self":[{"href":"https:\/\/defrentealaverdad.com\/index.php\/wp-json\/wp\/v2\/posts\/21821","targetHints":{"allow":["GET"]}}],"collection":[{"href":"https:\/\/defrentealaverdad.com\/index.php\/wp-json\/wp\/v2\/posts"}],"about":[{"href":"https:\/\/defrentealaverdad.com\/index.php\/wp-json\/wp\/v2\/types\/post"}],"author":[{"embeddable":true,"href":"https:\/\/defrentealaverdad.com\/index.php\/wp-json\/wp\/v2\/users\/2"}],"replies":[{"embeddable":true,"href":"https:\/\/defrentealaverdad.com\/index.php\/wp-json\/wp\/v2\/comments?post=21821"}],"version-history":[{"count":1,"href":"https:\/\/defrentealaverdad.com\/index.php\/wp-json\/wp\/v2\/posts\/21821\/revisions"}],"predecessor-version":[{"id":21822,"href":"https:\/\/defrentealaverdad.com\/index.php\/wp-json\/wp\/v2\/posts\/21821\/revisions\/21822"}],"wp:attachment":[{"href":"https:\/\/defrentealaverdad.com\/index.php\/wp-json\/wp\/v2\/media?parent=21821"}],"wp:term":[{"taxonomy":"category","embeddable":true,"href":"https:\/\/defrentealaverdad.com\/index.php\/wp-json\/wp\/v2\/categories?post=21821"},{"taxonomy":"post_tag","embeddable":true,"href":"https:\/\/defrentealaverdad.com\/index.php\/wp-json\/wp\/v2\/tags?post=21821"}],"curies":[{"name":"wp","href":"https:\/\/api.w.org\/{rel}","templated":true}]}}