{"id":21819,"date":"2024-07-29T01:29:56","date_gmt":"2024-07-29T01:29:56","guid":{"rendered":"https:\/\/defrentealaverdad.com\/?p=21819"},"modified":"2024-07-30T01:31:38","modified_gmt":"2024-07-30T01:31:38","slug":"robert-downey-jr-vuelve-al-universo-de-los-vengadores","status":"publish","type":"post","link":"https:\/\/defrentealaverdad.com\/index.php\/2024\/07\/29\/robert-downey-jr-vuelve-al-universo-de-los-vengadores\/","title":{"rendered":"Robert Downey Jr. vuelve al universo de los Vengadores"},"content":{"rendered":"<div class=\"ara-opening breu ara-opening--petita\">\n<div class=\"visor\" data-v-5dde30c4=\"\">\n<figure class=\"image\" data-v-5dde30c4=\"\"><picture data-v-5dde30c4=\"\"><img decoding=\"async\" class=\"alignleft lazyload\" data-src=\"https:\/\/static1.ara.cat\/clip\/e8141445-f636-4049-ab10-7ff4b7a8e5ca_16-9-aspect-ratio_default_0.jpg\" alt=\"Robert Downey Jr. se aleja del universo Marvel\" data-v-5dde30c4=\"\" src=\"data:image\/svg+xml;base64,PHN2ZyB3aWR0aD0iMSIgaGVpZ2h0PSIxIiB4bWxucz0iaHR0cDovL3d3dy53My5vcmcvMjAwMC9zdmciPjwvc3ZnPg==\" \/><\/picture><\/figure>\n<\/div>\n<\/div>\n<div class=\"ara-body\" data-mrf-recirculation=\"Article Links\">\n<p><strong>LOS \u00c1NGELES<\/strong>\u00a0<strong>(EEUU).-<\/strong>\u00a0El estadounidense\u00a0<strong>Robert Downey Jr.,<\/strong>\u00a0ganador del \u00d3scar 2024 como Mejor actor de reparto por el filme\u00a0<strong>\u201cOppenheimer\u201d,\u00a0<\/strong>se centra hoy en un nuevo proyecto que supone su regreso al Universo Cinematogr\u00e1fico Marvel (UCM).<\/p>\n<p>Downey Jr. interpretar\u00e1 al villano V\u00edctor Von Doom, conocido tambi\u00e9n como el Doctor Muerte, en la pr\u00f3xima pel\u00edcula en dos partes de la \u00e9pica franquicia de superh\u00e9roes \u201cLos Vengadores\u201d, de los hermanos Joseph y Anthony Russo.<\/p>\n<p><strong>\u201cAvengers: Doomsday\u201d<\/strong>\u00a0y \u201cAvengers: Secret Wars\u201d son los t\u00edtulos de la nueva historia del UCM, tras \u201cAvengers: Infinity War\u201d y \u201cAvengers: Endgame\u201d, con esta \u00faltima el actor dijo adi\u00f3s a Marvel en el 2019 luego de su ic\u00f3nica interpretaci\u00f3n de Iron Man.<\/p>\n<p>Sin embargo, ahora regresa a su casa cinematogr\u00e1fica, como la siente el propio actor, y con la cual ha trabajado durante m\u00e1s de una d\u00e9cada: la Marvel.<\/p>\n<p>Nueva m\u00e1scara, misma tarea, declar\u00f3 ante un auditorio de alrededor de seis mil personas y al que entr\u00f3 con la m\u00e1scara del personaje a interpretar, Victor Von Doom, y con un outfit \u2012vestimenta o conjunto\u2012 de color verde, la gama crom\u00e1tica del verano.<\/p>\n<p>Hace unos meses Downey Jr. se refiri\u00f3 a un posible regreso al UCM: Me he vuelto sorprendentemente abierto a la idea, est\u00e1 en mi ADN, declar\u00f3 a la revista\u00a0<em>Variety<\/em>.<\/p>\n<p>Muchos se preguntaban d\u00f3nde pod\u00eda encajar despu\u00e9s de Iron Man, pero ahora solo queda esperar para ver c\u00f3mo es la vida para Downey Jr. desde la perspectiva de un villano.<\/p>\n<p>Fuente: CNN<\/p>\n<div class=\"embed embed-rrss\">\n<div class=\"embed-container \">\n<div class=\"twitter-tweet twitter-tweet-rendered\"><\/div>\n<\/div>\n<\/div>\n<\/div>\n","protected":false},"excerpt":{"rendered":"<p>LOS \u00c1NGELES\u00a0(EEUU).-\u00a0El estadounidense\u00a0Robert Downey Jr.,\u00a0ganador del \u00d3scar 2024 como Mejor actor de reparto por el<\/p>\n","protected":false},"author":4,"featured_media":0,"comment_status":"open","ping_status":"open","sticky":false,"template":"","format":"standard","meta":{"footnotes":""},"categories":[6,16],"tags":[],"class_list":["post-21819","post","type-post","status-publish","format-standard","hentry","category-espectaculos","category-internacionales"],"_links":{"self":[{"href":"https:\/\/defrentealaverdad.com\/index.php\/wp-json\/wp\/v2\/posts\/21819","targetHints":{"allow":["GET"]}}],"collection":[{"href":"https:\/\/defrentealaverdad.com\/index.php\/wp-json\/wp\/v2\/posts"}],"about":[{"href":"https:\/\/defrentealaverdad.com\/index.php\/wp-json\/wp\/v2\/types\/post"}],"author":[{"embeddable":true,"href":"https:\/\/defrentealaverdad.com\/index.php\/wp-json\/wp\/v2\/users\/4"}],"replies":[{"embeddable":true,"href":"https:\/\/defrentealaverdad.com\/index.php\/wp-json\/wp\/v2\/comments?post=21819"}],"version-history":[{"count":1,"href":"https:\/\/defrentealaverdad.com\/index.php\/wp-json\/wp\/v2\/posts\/21819\/revisions"}],"predecessor-version":[{"id":21820,"href":"https:\/\/defrentealaverdad.com\/index.php\/wp-json\/wp\/v2\/posts\/21819\/revisions\/21820"}],"wp:attachment":[{"href":"https:\/\/defrentealaverdad.com\/index.php\/wp-json\/wp\/v2\/media?parent=21819"}],"wp:term":[{"taxonomy":"category","embeddable":true,"href":"https:\/\/defrentealaverdad.com\/index.php\/wp-json\/wp\/v2\/categories?post=21819"},{"taxonomy":"post_tag","embeddable":true,"href":"https:\/\/defrentealaverdad.com\/index.php\/wp-json\/wp\/v2\/tags?post=21819"}],"curies":[{"name":"wp","href":"https:\/\/api.w.org\/{rel}","templated":true}]}}