{"id":21815,"date":"2024-07-29T01:27:53","date_gmt":"2024-07-29T01:27:53","guid":{"rendered":"https:\/\/defrentealaverdad.com\/?p=21815"},"modified":"2024-07-30T01:28:32","modified_gmt":"2024-07-30T01:28:32","slug":"presidente-abinader-designa-mediante-decreto-nuevo-rector-del-itsc-y-nuevo-viceministro-del-ministerio-de-la-presidencia","status":"publish","type":"post","link":"https:\/\/defrentealaverdad.com\/index.php\/2024\/07\/29\/presidente-abinader-designa-mediante-decreto-nuevo-rector-del-itsc-y-nuevo-viceministro-del-ministerio-de-la-presidencia\/","title":{"rendered":"Presidente Abinader designa, mediante decreto, nuevo rector del ITSC y nuevo viceministro del Ministerio de la Presidencia"},"content":{"rendered":"<header><\/header>\n<div class=\"node__content clearfix\">\n<div class=\"main-news-image\">\n<div class=\"field field--name-field-image field--type-image field--label-hidden field__item\"><img decoding=\"async\" class=\"image-style-large lazyload\" data-src=\"https:\/\/presidencia.gob.do\/sites\/default\/files\/styles\/large\/public\/news\/2024-07\/Palacio%20%281%29.jpg?itok=RcC6N2xx\" alt=\"palacio nacional\" width=\"1300\" height=\"731\" src=\"data:image\/svg+xml;base64,PHN2ZyB3aWR0aD0iMSIgaGVpZ2h0PSIxIiB4bWxucz0iaHR0cDovL3d3dy53My5vcmcvMjAwMC9zdmciPjwvc3ZnPg==\" style=\"--smush-placeholder-width: 1300px; --smush-placeholder-aspect-ratio: 1300\/731;\" \/><\/div>\n<\/div>\n<div class=\"main-news-content\">\n<div class=\"row\">\n<div class=\"col-lg-10 offset-lg-1 right\">\n<div class=\"news-social mb-2 mb-lg-3\">\n<div class=\"row align-items-center justify-content-between\">\n<div class=\"mb-2 mb-sm-0 col-sm-3\">Santo Domingo.- <strong>El presidente Luis Abinader<\/strong>\u00a0emiti\u00f3 el\u00a0<strong>Decreto n\u00famero\u00a0<\/strong><a href=\"https:\/\/presidencia.gob.do\/decretos\/405-24\"><strong>405-24<\/strong><\/a><strong>,<\/strong>\u00a0que designa a\u00a0<strong>Jos\u00e9 Ram\u00f3n Holgu\u00edn Brito<\/strong>\u00a0como el nuevo rector del\u00a0<strong>Instituto T\u00e9cnico Superior Comunitario<\/strong>\u00a0(ITSC).<\/div>\n<\/div>\n<\/div>\n<div class=\"clearfix text-formatted field field--name-body field--type-text-with-summary field--label-hidden field__item\">\n<p>Este deber\u00e1 proponer una readecuaci\u00f3n\u00a0<strong>normativa y estructural<\/strong>\u00a0de la instituci\u00f3n.<\/p>\n<p>De igual modo, se designa, en el art\u00edculo 3, a\u00a0<strong>Luis Gregorio Madera Sued<\/strong>\u00a0como\u00a0<strong>viceministro de Monitoreo y Coordinaci\u00f3n Gubernamental\u00a0<\/strong>del Ministerio de la Presidencia.<\/p>\n<p>Fuente: Presidencia RD<\/p>\n<\/div>\n<\/div>\n<\/div>\n<\/div>\n<\/div>\n","protected":false},"excerpt":{"rendered":"<p>Santo Domingo.- El presidente Luis Abinader\u00a0emiti\u00f3 el\u00a0Decreto n\u00famero\u00a0405-24,\u00a0que designa a\u00a0Jos\u00e9 Ram\u00f3n Holgu\u00edn Brito\u00a0como el nuevo<\/p>\n","protected":false},"author":1,"featured_media":0,"comment_status":"open","ping_status":"open","sticky":false,"template":"","format":"standard","meta":{"footnotes":""},"categories":[7],"tags":[],"class_list":["post-21815","post","type-post","status-publish","format-standard","hentry","category-nacionales"],"_links":{"self":[{"href":"https:\/\/defrentealaverdad.com\/index.php\/wp-json\/wp\/v2\/posts\/21815","targetHints":{"allow":["GET"]}}],"collection":[{"href":"https:\/\/defrentealaverdad.com\/index.php\/wp-json\/wp\/v2\/posts"}],"about":[{"href":"https:\/\/defrentealaverdad.com\/index.php\/wp-json\/wp\/v2\/types\/post"}],"author":[{"embeddable":true,"href":"https:\/\/defrentealaverdad.com\/index.php\/wp-json\/wp\/v2\/users\/1"}],"replies":[{"embeddable":true,"href":"https:\/\/defrentealaverdad.com\/index.php\/wp-json\/wp\/v2\/comments?post=21815"}],"version-history":[{"count":1,"href":"https:\/\/defrentealaverdad.com\/index.php\/wp-json\/wp\/v2\/posts\/21815\/revisions"}],"predecessor-version":[{"id":21816,"href":"https:\/\/defrentealaverdad.com\/index.php\/wp-json\/wp\/v2\/posts\/21815\/revisions\/21816"}],"wp:attachment":[{"href":"https:\/\/defrentealaverdad.com\/index.php\/wp-json\/wp\/v2\/media?parent=21815"}],"wp:term":[{"taxonomy":"category","embeddable":true,"href":"https:\/\/defrentealaverdad.com\/index.php\/wp-json\/wp\/v2\/categories?post=21815"},{"taxonomy":"post_tag","embeddable":true,"href":"https:\/\/defrentealaverdad.com\/index.php\/wp-json\/wp\/v2\/tags?post=21815"}],"curies":[{"name":"wp","href":"https:\/\/api.w.org\/{rel}","templated":true}]}}