{"id":21805,"date":"2024-07-29T01:20:07","date_gmt":"2024-07-29T01:20:07","guid":{"rendered":"https:\/\/defrentealaverdad.com\/?p=21805"},"modified":"2024-07-30T01:21:17","modified_gmt":"2024-07-30T01:21:17","slug":"adp-realizara-concentracion-frente-al-minerd","status":"publish","type":"post","link":"https:\/\/defrentealaverdad.com\/index.php\/2024\/07\/29\/adp-realizara-concentracion-frente-al-minerd\/","title":{"rendered":"ADP realizar\u00e1 concentraci\u00f3n Frente al Minerd"},"content":{"rendered":"<p style=\"text-align: justify;\"><img decoding=\"async\" class=\"aligncenter lazyload\" data-src=\"https:\/\/dukx4ewcvnyp6.cloudfront.net\/wp-content\/uploads\/2024\/07\/Mariela-Lorenzo-YouTube-2-1.webp\" alt=\"ADP realizar\u00e1 concentraci\u00f3n Frente al Minerd\" src=\"data:image\/svg+xml;base64,PHN2ZyB3aWR0aD0iMSIgaGVpZ2h0PSIxIiB4bWxucz0iaHR0cDovL3d3dy53My5vcmcvMjAwMC9zdmciPjwvc3ZnPg==\" \/><\/p>\n<p style=\"text-align: justify;\">Santo Domingo. El Comit\u00e9 Ejecutivo Nacional de la Asociaci\u00f3n Dominicana de Profesores (ADP) realizar\u00e1 una concentraci\u00f3n nacional frente al Ministerio de Educaci\u00f3n el martes 30 de julio a las 10:00 de la ma\u00f1ana, para reclamar que se cumplan los puntos que faltan del acuerdo ADP-MINERD pactado el 2023.<\/p>\n<p style=\"text-align: justify;\">Dentro de los puntos que reclama el sindicato se encuentra de la Evaluaci\u00f3n de Desempe\u00f1o, la mejor\u00eda de las escuelas, completar el reajuste salarial para los Jubilados y Pensionados, incentivo para los Orientadores, Coordinadores Pedag\u00f3gicos, Psic\u00f3logos y los directores de Centros Educativos por complejidad en el cargo. Tambi\u00e9n la reparaci\u00f3n y construcci\u00f3n de las escuelas que a\u00fan faltan en algunos puntos del pa\u00eds entre otras reivindicaciones.<\/p>\n<p style=\"text-align: justify;\">El Comit\u00e9 Ejecutivo Nacional hace la convocatoria a todo el magisterio nacional, atendiendo a una decisi\u00f3n del Pleno Nacional de Dirigentes que aprob\u00f3 a unanimidad la realizaci\u00f3n de dicha concentraci\u00f3n.<\/p>\n<p style=\"text-align: justify;\">En la concentraci\u00f3n participaran los dirigentes de las 155 seccionales como: Gran Santo Domingo, San Crist\u00f3bal, Peravia, Monte Plata, San Pedro Macor\u00eds, Monse\u00f1or Nouel, Juan S\u00e1nchez Ram\u00edrez, San Francisco de Macor\u00eds, Saman\u00e1, Mar\u00eda Trinidad S\u00e1nchez y los municipios, La Vega, Santiago y Hato Mayor.<\/p>\n<p style=\"text-align: justify;\">\nDe igual manera, Barahona, Azua, San Juan de la Maguana, Independencia, El\u00edas Pi\u00f1a, Pedernales, San Jos\u00e9 de Ocoa. Tambi\u00e9n Hato Mayor, El Seibo, La Altagracia, La Romana, y el Distrito Nacional<\/p>\n<p style=\"text-align: justify;\">Se recuerda que la ADP viene reclamando el cumplimiento del acuerdo ADP-Minerd pactado el pasado 24 de julio del 2023, sin que se haya cumplido la mayor\u00eda de los puntos pactados, por la defensa de la escuela p\u00fablica.<\/p>\n<p>Fuente: Prensa ADP<\/p>\n","protected":false},"excerpt":{"rendered":"<p>Santo Domingo. El Comit\u00e9 Ejecutivo Nacional de la Asociaci\u00f3n Dominicana de Profesores (ADP) realizar\u00e1 una<\/p>\n","protected":false},"author":1,"featured_media":0,"comment_status":"open","ping_status":"open","sticky":false,"template":"","format":"standard","meta":{"footnotes":""},"categories":[7],"tags":[],"class_list":["post-21805","post","type-post","status-publish","format-standard","hentry","category-nacionales"],"_links":{"self":[{"href":"https:\/\/defrentealaverdad.com\/index.php\/wp-json\/wp\/v2\/posts\/21805","targetHints":{"allow":["GET"]}}],"collection":[{"href":"https:\/\/defrentealaverdad.com\/index.php\/wp-json\/wp\/v2\/posts"}],"about":[{"href":"https:\/\/defrentealaverdad.com\/index.php\/wp-json\/wp\/v2\/types\/post"}],"author":[{"embeddable":true,"href":"https:\/\/defrentealaverdad.com\/index.php\/wp-json\/wp\/v2\/users\/1"}],"replies":[{"embeddable":true,"href":"https:\/\/defrentealaverdad.com\/index.php\/wp-json\/wp\/v2\/comments?post=21805"}],"version-history":[{"count":1,"href":"https:\/\/defrentealaverdad.com\/index.php\/wp-json\/wp\/v2\/posts\/21805\/revisions"}],"predecessor-version":[{"id":21806,"href":"https:\/\/defrentealaverdad.com\/index.php\/wp-json\/wp\/v2\/posts\/21805\/revisions\/21806"}],"wp:attachment":[{"href":"https:\/\/defrentealaverdad.com\/index.php\/wp-json\/wp\/v2\/media?parent=21805"}],"wp:term":[{"taxonomy":"category","embeddable":true,"href":"https:\/\/defrentealaverdad.com\/index.php\/wp-json\/wp\/v2\/categories?post=21805"},{"taxonomy":"post_tag","embeddable":true,"href":"https:\/\/defrentealaverdad.com\/index.php\/wp-json\/wp\/v2\/tags?post=21805"}],"curies":[{"name":"wp","href":"https:\/\/api.w.org\/{rel}","templated":true}]}}