{"id":21803,"date":"2024-07-29T01:17:53","date_gmt":"2024-07-29T01:17:53","guid":{"rendered":"https:\/\/defrentealaverdad.com\/?p=21803"},"modified":"2024-07-30T01:19:40","modified_gmt":"2024-07-30T01:19:40","slug":"cmd-informa-actualmente-no-existe-ningun-caso-sospechoso-de-antrax-en-el-pais","status":"publish","type":"post","link":"https:\/\/defrentealaverdad.com\/index.php\/2024\/07\/29\/cmd-informa-actualmente-no-existe-ningun-caso-sospechoso-de-antrax-en-el-pais\/","title":{"rendered":"CMD informa actualmente no existe ning\u00fan caso sospechoso de \u00c1ntrax en el pa\u00eds"},"content":{"rendered":"<header class=\"entry-header\"><\/header>\n<figure class=\"post-thumbnail\"><img decoding=\"async\" class=\"post-thumbnail__img wp-post-image alignleft lazyload\" data-src=\"https:\/\/robertocavada.com\/wp-content\/uploads\/2024\/07\/a5142e38-1f2b-4a48-9d6a-76231c4a8ff3_16-9-discover-aspect-ratio_default_0-770x540.jpg\" alt=\"CMD informa actualmente no existe ning\u00fan caso sospechoso de \u00c1ntrax en el pa\u00eds\" width=\"770\" height=\"540\" src=\"data:image\/svg+xml;base64,PHN2ZyB3aWR0aD0iMSIgaGVpZ2h0PSIxIiB4bWxucz0iaHR0cDovL3d3dy53My5vcmcvMjAwMC9zdmciPjwvc3ZnPg==\" style=\"--smush-placeholder-width: 770px; --smush-placeholder-aspect-ratio: 770\/540;\" \/><\/figure>\n<div class=\"entry-content\">\n<div id=\"st-1\" class=\"sharethis-inline-share-buttons st-center st-lang-es st-has-labels  st-inline-share-buttons st-animated\">\n<div class=\"st-btn st-last st-remove-label\" style=\"text-align: justify;\" data-network=\"whatsapp\">El presidente del Colegio M\u00e9dico Dominicano (CMD), volvi\u00f3 a ser insistente con el llamado a la poblaci\u00f3n Dominicana para que contin\u00faen manteniendo la calma con respecto a la situaci\u00f3n del \u00c1ntrax que se presenta en estos momentos en Hait\u00ed.<\/div>\n<\/div>\n<p style=\"text-align: justify;\">El Dr Suero, ha sido reincidente con este tema, al expresar que la poblaci\u00f3n Dominicana mantenga la calma, y que lleven una vida totalmente normal. \u201cIncluso les informamos al pa\u00eds que el CMD tiene la informaci\u00f3n de entero cr\u00e9dito de que en la actualidad NO existe ning\u00fan caso, tampoco ning\u00fan paciente con sospecha de \u00c1ntrax en nuestro territorio\u201d.<\/p>\n<p style=\"text-align: justify;\">El CMD les reitera a la poblaci\u00f3n y a los m\u00e9dicos continuar manteniendo las medidas de vigilancias en las zonas m\u00e1s vulnerables, fronteras, puertos, aereopuertos; y vigilar los embarques, de manera particular las carnes procedentes de nuestro vecino pa\u00eds.<\/p>\n<\/div>\n<p>&nbsp;<\/p>\n<p>Fuente: RC Noticias<\/p>\n","protected":false},"excerpt":{"rendered":"<p>El presidente del Colegio M\u00e9dico Dominicano (CMD), volvi\u00f3 a ser insistente con el llamado a<\/p>\n","protected":false},"author":1,"featured_media":0,"comment_status":"open","ping_status":"open","sticky":false,"template":"","format":"standard","meta":{"footnotes":""},"categories":[7],"tags":[],"class_list":["post-21803","post","type-post","status-publish","format-standard","hentry","category-nacionales"],"_links":{"self":[{"href":"https:\/\/defrentealaverdad.com\/index.php\/wp-json\/wp\/v2\/posts\/21803","targetHints":{"allow":["GET"]}}],"collection":[{"href":"https:\/\/defrentealaverdad.com\/index.php\/wp-json\/wp\/v2\/posts"}],"about":[{"href":"https:\/\/defrentealaverdad.com\/index.php\/wp-json\/wp\/v2\/types\/post"}],"author":[{"embeddable":true,"href":"https:\/\/defrentealaverdad.com\/index.php\/wp-json\/wp\/v2\/users\/1"}],"replies":[{"embeddable":true,"href":"https:\/\/defrentealaverdad.com\/index.php\/wp-json\/wp\/v2\/comments?post=21803"}],"version-history":[{"count":1,"href":"https:\/\/defrentealaverdad.com\/index.php\/wp-json\/wp\/v2\/posts\/21803\/revisions"}],"predecessor-version":[{"id":21804,"href":"https:\/\/defrentealaverdad.com\/index.php\/wp-json\/wp\/v2\/posts\/21803\/revisions\/21804"}],"wp:attachment":[{"href":"https:\/\/defrentealaverdad.com\/index.php\/wp-json\/wp\/v2\/media?parent=21803"}],"wp:term":[{"taxonomy":"category","embeddable":true,"href":"https:\/\/defrentealaverdad.com\/index.php\/wp-json\/wp\/v2\/categories?post=21803"},{"taxonomy":"post_tag","embeddable":true,"href":"https:\/\/defrentealaverdad.com\/index.php\/wp-json\/wp\/v2\/tags?post=21803"}],"curies":[{"name":"wp","href":"https:\/\/api.w.org\/{rel}","templated":true}]}}