{"id":21741,"date":"2024-07-28T22:56:09","date_gmt":"2024-07-28T22:56:09","guid":{"rendered":"https:\/\/defrentealaverdad.com\/?p=21741"},"modified":"2024-07-28T22:56:09","modified_gmt":"2024-07-28T22:56:09","slug":"infotep-y-ministerio-de-trabajo-de-guyana-acuerdan-mejorar-el-sistema-de-formacion-tecnico-en-ambos-paises","status":"publish","type":"post","link":"https:\/\/defrentealaverdad.com\/index.php\/2024\/07\/28\/infotep-y-ministerio-de-trabajo-de-guyana-acuerdan-mejorar-el-sistema-de-formacion-tecnico-en-ambos-paises\/","title":{"rendered":"INFOTEP y Ministerio de Trabajo de Guyana acuerdan mejorar el sistema de formaci\u00f3n t\u00e9cnico en ambos pa\u00edses"},"content":{"rendered":"<p style=\"text-align: justify;\"><img decoding=\"async\" class=\"size-medium wp-image-21742 alignleft lazyload\" data-src=\"https:\/\/defrentealaverdad.com\/wp-content\/uploads\/2024\/07\/Screenshot_2024-07-28_192244-300x202.png\" alt=\"\" width=\"300\" height=\"202\" data-srcset=\"https:\/\/defrentealaverdad.com\/wp-content\/uploads\/2024\/07\/Screenshot_2024-07-28_192244-300x202.png 300w, https:\/\/defrentealaverdad.com\/wp-content\/uploads\/2024\/07\/Screenshot_2024-07-28_192244-1024x688.png 1024w, https:\/\/defrentealaverdad.com\/wp-content\/uploads\/2024\/07\/Screenshot_2024-07-28_192244-768x516.png 768w, https:\/\/defrentealaverdad.com\/wp-content\/uploads\/2024\/07\/Screenshot_2024-07-28_192244.png 1080w\" data-sizes=\"(max-width: 300px) 100vw, 300px\" src=\"data:image\/svg+xml;base64,PHN2ZyB3aWR0aD0iMSIgaGVpZ2h0PSIxIiB4bWxucz0iaHR0cDovL3d3dy53My5vcmcvMjAwMC9zdmciPjwvc3ZnPg==\" style=\"--smush-placeholder-width: 300px; --smush-placeholder-aspect-ratio: 300\/202;\" \/>El Instituto Nacional de Formaci\u00f3n T\u00e9cnico Profesional (INFOTEP) y el Ministerio de Trabajo de Guyana firmaron un memor\u00e1ndum de entendimiento para implementar proyectos integrados destinados a mejorar el sistema de formaci\u00f3n t\u00e9cnico profesional en Guyana y la Rep\u00fablica Dominicana.<\/p>\n<p style=\"text-align: justify;\">El acuerdo, que tendr\u00e1 una vigencia de cinco a\u00f1os, fue firmado por el director general del INFOTEP, Rafael Santos Bad\u00eda, y el ministro de Trabajo de Guyana, Joseph Hamilton y Richard Maughn, director de la Junta de Capacitaci\u00f3n Industrial de Guyana.<\/p>\n<p style=\"text-align: justify;\">Este memor\u00e1ndum se ampara en la buena voluntad de las instituciones firmantes, que financiar\u00e1n de manera conjunta los diferentes proyectos que se deriven de este acuerdo y a promover el intercambio comercial y laboral entre empresas de ambos pa\u00edses.<\/p>\n<p style=\"text-align: justify;\">Las entidades se comprometieron a trabajar en la modernizaci\u00f3n de los programas de capacitaci\u00f3n y en el fortalecimiento del perfil de los docentes, lo que tendr\u00e1 un impacto en la calidad de los egresados y su incorporaci\u00f3n en el mercado laboral.<\/p>\n<p style=\"text-align: justify;\">Para implementar estas mejoras, se tomar\u00e1n en cuenta an\u00e1lisis comparativos a nivel global sobre el perfil de los especialistas e innovaciones en el campo de la ense\u00f1anza.<\/p>\n<p style=\"text-align: justify;\">Adem\u00e1s, el acuerdo establece implementar buenas pr\u00e1cticas en los sistemas de apoyo para el empleo y la movilidad laboral, desarrollar soluciones digitales y plataformas para programas de entrenamiento t\u00e9cnico profesional, as\u00ed como pasant\u00edas para los expertos, coaches, instructores y docentes para compartir buenas pr\u00e1cticas.<\/p>\n<p style=\"text-align: justify;\">Este acuerdo fue firmado en el marco de una visita del director general del INFOTEP, a Guyana, acompa\u00f1ado del viceministro de Seguimiento y Coordinaci\u00f3n Gubernamental, Jos\u00e9 Ram\u00f3n Holgu\u00edn, la subdirectora del INFOTEP, Maira Morla, el director de cooperaci\u00f3n internacional Edgar Pimentel y la directora de comunicaciones, Desir\u00e9e Mart\u00ednez.<\/p>\n<p style=\"text-align: justify;\">En el encuentro tambi\u00e9n estuvieron presentes Ernesto Torres, embajador dominicano en Guyana; Alexander Sarante, consejero de la Embajada Dominicana en Guyana; Patricia Portella, miembro de la C\u00e1mara de comercio Dominico-Guyana; y Leonida Minalla, especialista en comercio.<\/p>\n<p style=\"text-align: justify;\">Adem\u00e1s, participaron autoridades gubernamentales y civiles de Guyana, entre las cuales figuran Ritesh Tularam, director adjunto de Educaci\u00f3n; Floyd Scott, presidente del Consejo de Educaci\u00f3n y Formaci\u00f3n T\u00e9cnico Profesional; Natasha Gaskin-Peters, directora del Centro para el Desarrollo de Empresas Locales; y Komal Singh, presidente de la Comisi\u00f3n del Sector Privado.<\/p>\n<p>&nbsp;<\/p>\n<p>Fuente: El Le\u00f1o Pinto<\/p>\n<p>&nbsp;<\/p>\n<p>&nbsp;<\/p>\n<p>&nbsp;<\/p>\n","protected":false},"excerpt":{"rendered":"<p>El Instituto Nacional de Formaci\u00f3n T\u00e9cnico Profesional (INFOTEP) y el Ministerio de Trabajo de Guyana<\/p>\n","protected":false},"author":2,"featured_media":0,"comment_status":"open","ping_status":"open","sticky":false,"template":"","format":"standard","meta":{"footnotes":""},"categories":[7],"tags":[],"class_list":["post-21741","post","type-post","status-publish","format-standard","hentry","category-nacionales"],"_links":{"self":[{"href":"https:\/\/defrentealaverdad.com\/index.php\/wp-json\/wp\/v2\/posts\/21741","targetHints":{"allow":["GET"]}}],"collection":[{"href":"https:\/\/defrentealaverdad.com\/index.php\/wp-json\/wp\/v2\/posts"}],"about":[{"href":"https:\/\/defrentealaverdad.com\/index.php\/wp-json\/wp\/v2\/types\/post"}],"author":[{"embeddable":true,"href":"https:\/\/defrentealaverdad.com\/index.php\/wp-json\/wp\/v2\/users\/2"}],"replies":[{"embeddable":true,"href":"https:\/\/defrentealaverdad.com\/index.php\/wp-json\/wp\/v2\/comments?post=21741"}],"version-history":[{"count":1,"href":"https:\/\/defrentealaverdad.com\/index.php\/wp-json\/wp\/v2\/posts\/21741\/revisions"}],"predecessor-version":[{"id":21743,"href":"https:\/\/defrentealaverdad.com\/index.php\/wp-json\/wp\/v2\/posts\/21741\/revisions\/21743"}],"wp:attachment":[{"href":"https:\/\/defrentealaverdad.com\/index.php\/wp-json\/wp\/v2\/media?parent=21741"}],"wp:term":[{"taxonomy":"category","embeddable":true,"href":"https:\/\/defrentealaverdad.com\/index.php\/wp-json\/wp\/v2\/categories?post=21741"},{"taxonomy":"post_tag","embeddable":true,"href":"https:\/\/defrentealaverdad.com\/index.php\/wp-json\/wp\/v2\/tags?post=21741"}],"curies":[{"name":"wp","href":"https:\/\/api.w.org\/{rel}","templated":true}]}}